{"id":4200,"date":"2020-12-03T19:33:33","date_gmt":"2020-12-03T19:33:33","guid":{"rendered":"http:\/\/www.radiolimari.cl\/?p=4200"},"modified":"2020-12-03T19:33:33","modified_gmt":"2020-12-03T19:33:33","slug":"mas-de-300-personas-han-sido-infraccionadas-en-ovalle-por-no-usar-mascarillas","status":"publish","type":"post","link":"https:\/\/www.radiolimari.cl\/?p=4200","title":{"rendered":"M\u00e1s de 300 personas han sido infraccionadas en Ovalle por no usar mascarillas"},"content":{"rendered":"<p><a href=\"https:\/\/www.radiolimari.cl\/wp-content\/uploads\/2020\/12\/3.12-Mascarillas-2020.jpg\"><img fetchpriority=\"high\" decoding=\"async\" class=\"alignnone size-medium wp-image-4201\" src=\"https:\/\/www.radiolimari.cl\/wp-content\/uploads\/2020\/12\/3.12-Mascarillas-2020-300x193.jpg\" alt=\"3.12 Mascarillas 2020\" width=\"300\" height=\"193\" srcset=\"https:\/\/www.radiolimari.cl\/wp-content\/uploads\/2020\/12\/3.12-Mascarillas-2020-300x193.jpg 300w, https:\/\/www.radiolimari.cl\/wp-content\/uploads\/2020\/12\/3.12-Mascarillas-2020-1024x659.jpg 1024w\" sizes=\"(max-width: 300px) 100vw, 300px\" \/><\/a><\/p>\n<p><strong><em>El uso de este elemento de protecci\u00f3n es esencial para protegernos del Covid-19, es por esta raz\u00f3n que las autoridades locales hicieron un llamado a respetar las medidas sanitarias, con el fin de evitar un posible retroceso en el plan Paso a Paso del gobierno. <\/em><\/strong><!--more--><\/p>\n<p>Uno de los llamados m\u00e1s frecuentes que han realizado las autoridades durante el periodo de pandemia ha sido el autocuidado, con el objetivo de prevenir la propagaci\u00f3n del Covid-19 en la poblaci\u00f3n local. A pesar de los consejos y las campa\u00f1as de sensibilizaci\u00f3n, a\u00fan existen personas inescrupulosas que no respetan estas medidas y arriesgan a la poblaci\u00f3n y a sus familias a un posible contagio.<\/p>\n<p>Uno de los datos preocupantes es que en el periodo comprendido entre el 16 de marzo y el 2 de diciembre de 2020, 318 personas han sido infraccionadas en la comuna por no usar o utilizar de manera incorrecta la mascarilla en la v\u00eda p\u00fablica, esto de acuerdo a registros entregados por el Juzgado de Polic\u00eda Local de Ovalle. Esto, se complementa con el Plan de Acci\u00f3n Focal del personal militar, que s\u00f3lo durante esta semana, ha cursado 41 sumarios sanitarios, tanto a personas, como locales comerciales que no cumplen con las normas establecidas para funcionar.<\/p>\n<p>Recordemos, que existe una ordenanza municipal que se\u00f1ala que toda persona que transite por espacios p\u00fablicos o bien que se encuentre en lugares p\u00fablicos de forma peatonal o en veh\u00edculos, con ventanas abiertas, deber\u00e1 usar mascarilla o un elemento similar que proteja la nariz y boca. Esta medida se exigir\u00e1 a todo ciudadano que concurra y transite al interior de un edificio, oficina o instalaci\u00f3n de servicio p\u00fablico o municipal. La mascarilla o protecci\u00f3n facial puede ser de cualquier material, puesto que la idea es agudizar la protecci\u00f3n de las personas.<\/p>\n<p>\u201cEstamos haciendo un trabajo en conjunto con el personal de Salud de Ovalle, municipio, la gobernaci\u00f3n del Limar\u00ed, Carabineros y la PDI para agudizar los controles y las fiscalizaciones a las personas en la v\u00eda p\u00fablica, como a los locales comerciales de venta de productos y atenci\u00f3n a p\u00fablico. Contaremos con m\u00e1s fiscalizadores y de esta forma realizaremos controles todo el d\u00eda, con el fin de evitar el retroceso de fase en Ovalle\u201d sostuvo el mayor de Ej\u00e9rcito Ricardo Cabezas, delegado de las Fuerzas en la comuna de Ovalle.<\/p>\n<p>Lamentablemente, Ovalle lidera la regi\u00f3n con casos nuevos y activos (18 casos nuevos, registro jueves 3 de diciembre y 57 activos) lo que mantiene a la capital limarina en frecuente monitoreo por parte de las autoridades sanitarias. El alcalde Claudio Renter\u00eda mostr\u00f3 su preocupaci\u00f3n por \u201cla situaci\u00f3n que vive nuestra comuna actualmente. Estamos generando estrategias para evitar la propagaci\u00f3n del virus, por lo que aumentaremos la fiscalizaci\u00f3n en la v\u00eda p\u00fablica, pero necesitamos la cooperaci\u00f3n de todos y lo fundamental que respeten el uso de mascarillas, el distanciamiento social y laven sus manos frecuentemente, para que no retrocedamos y volvamos a las restricciones de desplazamiento\u201d.<\/p>\n","protected":false},"excerpt":{"rendered":"<p>El uso de este elemento de protecci\u00f3n es esencial para protegernos del Covid-19, es por esta raz\u00f3n que las autoridades locales hicieron un llamado a respetar las medidas sanitarias, con el fin de evitar un posible retroceso en el plan Paso a Paso del gobierno.<\/p>\n","protected":false},"author":2,"featured_media":4201,"comment_status":"open","ping_status":"open","sticky":false,"template":"","format":"standard","meta":{"footnotes":""},"categories":[6],"tags":[],"class_list":["post-4200","post","type-post","status-publish","format-standard","has-post-thumbnail","hentry","category-regionales"],"_links":{"self":[{"href":"https:\/\/www.radiolimari.cl\/index.php?rest_route=\/wp\/v2\/posts\/4200","targetHints":{"allow":["GET"]}}],"collection":[{"href":"https:\/\/www.radiolimari.cl\/index.php?rest_route=\/wp\/v2\/posts"}],"about":[{"href":"https:\/\/www.radiolimari.cl\/index.php?rest_route=\/wp\/v2\/types\/post"}],"author":[{"embeddable":true,"href":"https:\/\/www.radiolimari.cl\/index.php?rest_route=\/wp\/v2\/users\/2"}],"replies":[{"embeddable":true,"href":"https:\/\/www.radiolimari.cl\/index.php?rest_route=%2Fwp%2Fv2%2Fcomments&post=4200"}],"version-history":[{"count":1,"href":"https:\/\/www.radiolimari.cl\/index.php?rest_route=\/wp\/v2\/posts\/4200\/revisions"}],"predecessor-version":[{"id":4202,"href":"https:\/\/www.radiolimari.cl\/index.php?rest_route=\/wp\/v2\/posts\/4200\/revisions\/4202"}],"wp:featuredmedia":[{"embeddable":true,"href":"https:\/\/www.radiolimari.cl\/index.php?rest_route=\/wp\/v2\/media\/4201"}],"wp:attachment":[{"href":"https:\/\/www.radiolimari.cl\/index.php?rest_route=%2Fwp%2Fv2%2Fmedia&parent=4200"}],"wp:term":[{"taxonomy":"category","embeddable":true,"href":"https:\/\/www.radiolimari.cl\/index.php?rest_route=%2Fwp%2Fv2%2Fcategories&post=4200"},{"taxonomy":"post_tag","embeddable":true,"href":"https:\/\/www.radiolimari.cl\/index.php?rest_route=%2Fwp%2Fv2%2Ftags&post=4200"}],"curies":[{"name":"wp","href":"https:\/\/api.w.org\/{rel}","templated":true}]}}