{"id":4191,"date":"2020-12-02T19:50:41","date_gmt":"2020-12-02T19:50:41","guid":{"rendered":"http:\/\/www.radiolimari.cl\/?p=4191"},"modified":"2020-12-02T19:56:00","modified_gmt":"2020-12-02T19:56:00","slug":"invitados-estrella-se-daran-cita-en-seminario-de-turismo-astronomico","status":"publish","type":"post","link":"https:\/\/www.radiolimari.cl\/?p=4191","title":{"rendered":"Invitados \u201cestrella \u201c se dar\u00e1n cita en seminario de turismo astron\u00f3mico"},"content":{"rendered":"<p><a href=\"https:\/\/www.radiolimari.cl\/wp-content\/uploads\/2020\/12\/2.12-Flyer-seminario1.jpg\"><img fetchpriority=\"high\" decoding=\"async\" class=\"alignnone size-medium wp-image-4194\" src=\"https:\/\/www.radiolimari.cl\/wp-content\/uploads\/2020\/12\/2.12-Flyer-seminario1-300x203.jpg\" alt=\"2.12 Flyer seminario\" width=\"300\" height=\"203\" srcset=\"https:\/\/www.radiolimari.cl\/wp-content\/uploads\/2020\/12\/2.12-Flyer-seminario1-300x203.jpg 300w, https:\/\/www.radiolimari.cl\/wp-content\/uploads\/2020\/12\/2.12-Flyer-seminario1-1024x696.jpg 1024w, https:\/\/www.radiolimari.cl\/wp-content\/uploads\/2020\/12\/2.12-Flyer-seminario1.jpg 1477w\" sizes=\"(max-width: 300px) 100vw, 300px\" \/><\/a><\/p>\n<p><i style=\"color: #222222;\">La actividad de cierre de proyecto FIC-R enfocado en astroturismo, se realizar\u00e1 este jueves 3 de diciembre, a las 11:00 horas y ser\u00e1 transmitida por Facebook live.<\/i><!--more--><\/p>\n<p style=\"font-weight: 400;\">Con la participaci\u00f3n de la astr\u00f3noma y Premio Nacional de Ciencias Exactas, Mar\u00eda Teresa Ruiz y el subsecretario de Turismo, Jos\u00e9 Luis Uriarte, se realizar\u00e1 el seminario \u201cTurismo astron\u00f3mico en la Regi\u00f3n de Estrellas: Desaf\u00edos y Oportunidad\u201d, actividad que se enmarca en el proyecto FIC- R, \u201cRealidad inmersiva e innovaci\u00f3n tecnol\u00f3gica del astroturismo\u201d.<\/p>\n<p style=\"font-weight: 400;\">El evento, que ser\u00e1 inaugurado por el\u00a0 subsecretario y el decano de la Facultad de Econom\u00eda, Gobierno y Comunicaciones, Luis Riveros, se realizar\u00e1 el jueves 3 de diciembre, a las 11:00 horas y ser\u00e1 transmitido por Facebook live, a trav\u00e9s de @TodoCoquimbo, @UniversidadCentraldeChile y @FegocUcen.<\/p>\n<p style=\"font-weight: 400;\">En la instancia participar\u00e1n, adem\u00e1s, la directora de Turismo de la Regi\u00f3n de Coquimbo, Ang\u00e9lica Funes; y la presidenta de la C\u00e1mara de Turismo de Coquimbo, Laura Cerda, quienes analizar\u00e1n el escenario del turismo actual y las proyecciones para el a\u00f1o 2021.<\/p>\n<p style=\"font-weight: 400;\">Con este seminario concluye el proyecto Todo Coquimbo, una iniciativa financiada por el Gobierno Regional de Coquimbo, implementado por la sede regional de la Universidad Central y co ejecutado por Brecha Digital Consultores en la que participaron los observatorios Mamalluca, Cruz del Sur y Collowara.<\/p>\n<p style=\"font-weight: 400;\">Gracias al proyecto los tres observatorios de la Regi\u00f3n Estrella, cuentan con mayor tecnolog\u00eda que les permite hoy, competir en el mercado del turismo y promocionarse como destinos de astroturismo, mejorando sin duda la experiencia del turista.<\/p>\n<p style=\"font-weight: 400;\">El proyecto trabaj\u00f3 con los tres observatorios de la Regi\u00f3n de Coquimbo: Cruz del Sur, Mamalluca y Collowara, ubicados en las localidades de Combarbal\u00e1, Vicu\u00f1a y Andacollo, y su principal objetivo fue incorporar tecnolog\u00edas para la promoci\u00f3n de los destinos astrotur\u00edsticos desarrollando recorridos virtuales para los observatorios, los que gracias a la tecnolog\u00eda de realidad inmersiva da la posibilidad al turista conocer el lugar y detalles de su infraestructura, antes de la visita.<\/p>\n<p style=\"font-weight: 400;\">De igual modo se realizaron aplicaciones tur\u00edsticas como la APP Planetas, la que invita al usuario, mediante la realidad inmersiva, conocer y vivir la experiencia del Sistema Solar. Dando a conocer informaci\u00f3n relevante de cada planeta y del sol y APPs de recorridos virtuales para cada uno de los observatorios.<\/p>\n<p style=\"font-weight: 400;\">EL proyecto contribuy\u00f3 adem\u00e1s con charlas online de astroturismo abiertas a todo p\u00fablico en la que participaron cerca de 11 mil personas. Tambi\u00e9n se realizaron seminarios de difusi\u00f3n de la iniciativa, en tanto, la actividad de cierre, reunir\u00e1 a grandes exponentes de la astronom\u00eda como Mar\u00eda Teresa Ruiz y a las principales autoridades vinculadas a la industria.<\/p>\n","protected":false},"excerpt":{"rendered":"<p>La actividad de cierre de proyecto FIC-R enfocado en astroturismo, se realizar\u00e1 este jueves 3 de diciembre, a las 11:00 horas y ser\u00e1 transmitida por Facebook live.<\/p>\n","protected":false},"author":2,"featured_media":4192,"comment_status":"open","ping_status":"open","sticky":false,"template":"","format":"standard","meta":{"footnotes":""},"categories":[6],"tags":[],"class_list":["post-4191","post","type-post","status-publish","format-standard","has-post-thumbnail","hentry","category-regionales"],"_links":{"self":[{"href":"https:\/\/www.radiolimari.cl\/index.php?rest_route=\/wp\/v2\/posts\/4191","targetHints":{"allow":["GET"]}}],"collection":[{"href":"https:\/\/www.radiolimari.cl\/index.php?rest_route=\/wp\/v2\/posts"}],"about":[{"href":"https:\/\/www.radiolimari.cl\/index.php?rest_route=\/wp\/v2\/types\/post"}],"author":[{"embeddable":true,"href":"https:\/\/www.radiolimari.cl\/index.php?rest_route=\/wp\/v2\/users\/2"}],"replies":[{"embeddable":true,"href":"https:\/\/www.radiolimari.cl\/index.php?rest_route=%2Fwp%2Fv2%2Fcomments&post=4191"}],"version-history":[{"count":3,"href":"https:\/\/www.radiolimari.cl\/index.php?rest_route=\/wp\/v2\/posts\/4191\/revisions"}],"predecessor-version":[{"id":4196,"href":"https:\/\/www.radiolimari.cl\/index.php?rest_route=\/wp\/v2\/posts\/4191\/revisions\/4196"}],"wp:featuredmedia":[{"embeddable":true,"href":"https:\/\/www.radiolimari.cl\/index.php?rest_route=\/wp\/v2\/media\/4192"}],"wp:attachment":[{"href":"https:\/\/www.radiolimari.cl\/index.php?rest_route=%2Fwp%2Fv2%2Fmedia&parent=4191"}],"wp:term":[{"taxonomy":"category","embeddable":true,"href":"https:\/\/www.radiolimari.cl\/index.php?rest_route=%2Fwp%2Fv2%2Fcategories&post=4191"},{"taxonomy":"post_tag","embeddable":true,"href":"https:\/\/www.radiolimari.cl\/index.php?rest_route=%2Fwp%2Fv2%2Ftags&post=4191"}],"curies":[{"name":"wp","href":"https:\/\/api.w.org\/{rel}","templated":true}]}}