{"id":4189,"date":"2020-12-02T16:10:17","date_gmt":"2020-12-02T16:10:17","guid":{"rendered":"http:\/\/www.radiolimari.cl\/?p=4189"},"modified":"2020-12-02T16:10:17","modified_gmt":"2020-12-02T16:10:17","slug":"coronavirus-miercoles-2-de-diciembre12-contagios-nuevos-se-registran-en-la-region-de-coquimbo","status":"publish","type":"post","link":"https:\/\/www.radiolimari.cl\/?p=4189","title":{"rendered":"#CoronaVirus, Mi\u00e9rcoles 2 de Diciembre:12 contagios nuevos se registran en la regi\u00f3n de Coquimbo"},"content":{"rendered":"<p><a href=\"https:\/\/www.radiolimari.cl\/wp-content\/uploads\/2020\/11\/NOTICIAS-EN-LIMARI-ULTIMA-HORA-CORONA-VIRUS-20.07.2020.jpg\"><img decoding=\"async\" class=\"alignnone size-medium wp-image-4173\" src=\"https:\/\/www.radiolimari.cl\/wp-content\/uploads\/2020\/11\/NOTICIAS-EN-LIMARI-ULTIMA-HORA-CORONA-VIRUS-20.07.2020-300x150.jpg\" alt=\"NOTICIAS EN LIMARI ULTIMA HORA CORONA VIRUS 20.07.2020\" width=\"300\" height=\"150\" srcset=\"https:\/\/www.radiolimari.cl\/wp-content\/uploads\/2020\/11\/NOTICIAS-EN-LIMARI-ULTIMA-HORA-CORONA-VIRUS-20.07.2020-300x150.jpg 300w, https:\/\/www.radiolimari.cl\/wp-content\/uploads\/2020\/11\/NOTICIAS-EN-LIMARI-ULTIMA-HORA-CORONA-VIRUS-20.07.2020-1024x512.jpg 1024w, https:\/\/www.radiolimari.cl\/wp-content\/uploads\/2020\/11\/NOTICIAS-EN-LIMARI-ULTIMA-HORA-CORONA-VIRUS-20.07.2020.jpg 1148w\" sizes=\"(max-width: 300px) 100vw, 300px\" \/><\/a><\/p>\n<ul>\n<li><strong><em>Por otro lado, 15 pacientes se encuentran hospitalizados, de los cuales 08 est\u00e1n en ventilaci\u00f3n mec\u00e1nica.<\/em><\/strong><\/li>\n<\/ul>\n<p><!--more--><\/p>\n<p>Este mi\u00e9rcoles, las autoridades regionales entregaron un nuevo reporte sanitario en la regi\u00f3n de Coquimbo. Al respecto, informaron 12 contagios nuevos de Covid_19, llegando a los 13.159 casos acumulados, de los cuales, 150 se encuentran activos.<\/p>\n<p>En relaci\u00f3n con el detalle de casos \u201c1 de ellos corresponde a la comuna de Coquimbo, 1 de Vicu\u00f1a, 1 de Los Vilos, 6 de Ovalle, 2 de Monte Patria y 1 de Punitaqui\u201d inform\u00f3 el Seremi de Salud Alejandro Garc\u00eda.<\/p>\n<p>En la oportunidad, Autoridad Sanitaria llam\u00f3 a la poblaci\u00f3n a participar de los operativos de B\u00fasqueda Activa de Casos en toda la regi\u00f3n \u201cEste trabajo se enmarca en la estrategia denominada TTA (testear, trazar y aislar), en la cual queremos detectar casos asintom\u00e1ticos a tiempo a trav\u00e9s de la pesquisa activa, para aislar en forma correcta y evitar as\u00ed la propagaci\u00f3n del virus\u201d. Finaliz\u00f3.<\/p>\n<p><strong>Balance Red Asistencial:<\/strong><\/p>\n<p><strong>\u00a0<\/strong>Alejandra \u00c1lvarez, Subdirectora de Gesti\u00f3n Asistencial del Servicio de Salud Coquimbo, se refiri\u00f3 al n\u00famero de camas disponibles actualmente en la regi\u00f3n. \u201cNuestra Red Asistencial cuenta con un 80% de ocupaci\u00f3n de camas. Es decir, de las 1.174 de dotaci\u00f3n actual, 226 unidades se encuentran disponibles. Y en cuanto a las camas de las Unidades de Pacientes Cr\u00edticos, hoy contamos con 1 cama de la Unidad de Tratamiento Intermedio y 3 camas disponibles en la Unidad de Cuidados Intensivos. Este n\u00famero se explica porque las camas est\u00e1n siendo utilizadas en un 80% por pacientes con cirug\u00edas complejas que requieren de cama cr\u00edtica post operatoria, pacientes cardiovasculares descompensados y otras patolog\u00edas de mayor gravedad. Por lo que es importante destacar que de las 56 camas UCI de dotaci\u00f3n actual, solo 11 se encuentran ocupadas por pacientes Covid-19\u201d, se\u00f1al\u00f3.<\/p>\n<p>Adem\u00e1s, la autoridad entreg\u00f3 el reporte de pacientes hospitalizados en la regi\u00f3n. \u201cHoy contamos con 851 personas hospitalizadas en la Red Asistencial de la Regi\u00f3n de Coquimbo, de las cuales 15 est\u00e1n internadas por Covid-19 y 8 se encuentran con requerimiento de ventilaci\u00f3n mec\u00e1nica: 2 en el Hospital de Coquimbo, 2 en el Hospital de La Serena y 4 en el Hospital de Ovalle\u201d.<\/p>\n<p>Finalmente, la Subdirectora de Gesti\u00f3n Asistencial entreg\u00f3 el reporte del personal de salud afectado por el virus. \u201cActualmente, 12 funcionarios del Servicio de Salud y de los hospitales han dado positivo al virus, y 39 se encuentran en cuarentena preventiva. Mientras que en la Atenci\u00f3n Primaria de Salud (APS), 4 funcionarios han dado positivo al virus y 12 se mantienen en cuarentena.<\/p>\n<p><strong>BALANCE REGI\u00d3N DE COQUIMBO<\/strong><\/p>\n<p>&nbsp;<\/p>\n<p><strong>Mi\u00e9rcoles 02 de diciembre<\/strong><\/p>\n<p>12 casos nuevos<\/p>\n<p>13.159 casos acumulados<\/p>\n<p>150 casos activos<\/p>\n<p>270 fallecidos<\/p>\n<p>&nbsp;<\/p>\n<p><strong>Detalle casos nuevos por comuna:<\/strong><\/p>\n<p>1 de Coquimbo<\/p>\n<p>1 de Vicu\u00f1a<\/p>\n<p>1 de Los Vilos<\/p>\n<p>6 de Ovalle<\/p>\n<p>2 de Monte Patria<\/p>\n<p>1 de Punitaqui<\/p>\n<p>Residencias Sanitarias: 85% de ocupaci\u00f3n<\/p>\n<p>Pacientes Hospitalizados: 15<\/p>\n","protected":false},"excerpt":{"rendered":"<p>Por otro lado, 15 pacientes se encuentran hospitalizados, de los cuales 08 est\u00e1n en ventilaci\u00f3n mec\u00e1nica.<\/p>\n","protected":false},"author":2,"featured_media":4173,"comment_status":"open","ping_status":"open","sticky":false,"template":"","format":"standard","meta":{"footnotes":""},"categories":[3],"tags":[],"class_list":["post-4189","post","type-post","status-publish","format-standard","has-post-thumbnail","hentry","category-actualidad"],"_links":{"self":[{"href":"https:\/\/www.radiolimari.cl\/index.php?rest_route=\/wp\/v2\/posts\/4189","targetHints":{"allow":["GET"]}}],"collection":[{"href":"https:\/\/www.radiolimari.cl\/index.php?rest_route=\/wp\/v2\/posts"}],"about":[{"href":"https:\/\/www.radiolimari.cl\/index.php?rest_route=\/wp\/v2\/types\/post"}],"author":[{"embeddable":true,"href":"https:\/\/www.radiolimari.cl\/index.php?rest_route=\/wp\/v2\/users\/2"}],"replies":[{"embeddable":true,"href":"https:\/\/www.radiolimari.cl\/index.php?rest_route=%2Fwp%2Fv2%2Fcomments&post=4189"}],"version-history":[{"count":1,"href":"https:\/\/www.radiolimari.cl\/index.php?rest_route=\/wp\/v2\/posts\/4189\/revisions"}],"predecessor-version":[{"id":4190,"href":"https:\/\/www.radiolimari.cl\/index.php?rest_route=\/wp\/v2\/posts\/4189\/revisions\/4190"}],"wp:featuredmedia":[{"embeddable":true,"href":"https:\/\/www.radiolimari.cl\/index.php?rest_route=\/wp\/v2\/media\/4173"}],"wp:attachment":[{"href":"https:\/\/www.radiolimari.cl\/index.php?rest_route=%2Fwp%2Fv2%2Fmedia&parent=4189"}],"wp:term":[{"taxonomy":"category","embeddable":true,"href":"https:\/\/www.radiolimari.cl\/index.php?rest_route=%2Fwp%2Fv2%2Fcategories&post=4189"},{"taxonomy":"post_tag","embeddable":true,"href":"https:\/\/www.radiolimari.cl\/index.php?rest_route=%2Fwp%2Fv2%2Ftags&post=4189"}],"curies":[{"name":"wp","href":"https:\/\/api.w.org\/{rel}","templated":true}]}}