{"id":4183,"date":"2020-11-30T23:59:07","date_gmt":"2020-11-30T23:59:07","guid":{"rendered":"http:\/\/www.radiolimari.cl\/?p=4183"},"modified":"2020-11-30T23:59:07","modified_gmt":"2020-11-30T23:59:07","slug":"este-martes-1-de-diciembre-se-encendera-el-arbol-de-navidad-natural-mas-grande-del-pais","status":"publish","type":"post","link":"https:\/\/www.radiolimari.cl\/?p=4183","title":{"rendered":"Este martes 1 de diciembre se encender\u00e1 el \u00c1rbol de Navidad natural m\u00e1s grande del pa\u00eds"},"content":{"rendered":"<p><a href=\"https:\/\/www.radiolimari.cl\/wp-content\/uploads\/2020\/11\/30.11-Arbol-de-Navidad-de-Ovalle-2020-2.jpg\"><img fetchpriority=\"high\" decoding=\"async\" class=\"alignnone size-medium wp-image-4184\" src=\"https:\/\/www.radiolimari.cl\/wp-content\/uploads\/2020\/11\/30.11-Arbol-de-Navidad-de-Ovalle-2020-2-300x168.jpg\" alt=\"30.11 Arbol de Navidad de Ovalle 2020 2\" width=\"300\" height=\"168\" srcset=\"https:\/\/www.radiolimari.cl\/wp-content\/uploads\/2020\/11\/30.11-Arbol-de-Navidad-de-Ovalle-2020-2-300x168.jpg 300w, https:\/\/www.radiolimari.cl\/wp-content\/uploads\/2020\/11\/30.11-Arbol-de-Navidad-de-Ovalle-2020-2-1024x576.jpg 1024w\" sizes=\"(max-width: 300px) 100vw, 300px\" \/><\/a><\/p>\n<p><strong><em>El \u00c1rbol de Navidad estar\u00e1 encendido hasta el pr\u00f3ximo 31 de enero de 2021.<\/em><\/strong><!--more--><\/p>\n<p>Este martes 1 de diciembre, a las 21 horas, se encender\u00e1 el \u00c1rbol de Navidad natural m\u00e1s grande del pa\u00eds, ubicado en la plaza de armas de Ovalle. A pesar de la pandemia y los cuidados sanitarios que se deben cumplir, el municipio local quiso mantener esta bonita tradici\u00f3n, aunque con algunos cambios. Este a\u00f1o no habr\u00e1 ceremonia, ni show como en ocasiones anteriores, con el prop\u00f3sito de evitar aglomeraciones de personas, pero el acto simb\u00f3lico ser\u00e1 transmitido en vivo, a trav\u00e9s del Facebook Oficial del municipio de Ovalle (Ilustre municipalidad de Ovalle), para que todos puedan presenciar este momento.<\/p>\n<p>El \u00c1rbol de Navidad cuenta con m\u00e1s de 55 metros de altura, lo que le ha permitido ganarse el t\u00edtulo de ser uno de los m\u00e1s altos del pa\u00eds y de Sudam\u00e9rica. Est\u00e1 adornado por 1600 luces LED, distribuidas en 20 guirnaldas de 80 ampolletas de 5 watt cada una, lo que garantiza un alto nivel de luminosidad, bajo consumo de energ\u00eda y permite ser visualizado desde diversos puntos de la ciudad.<\/p>\n<p>\u201cEs uno de los patrimonios que tenemos y que simboliza nuestro esp\u00edritu navide\u00f1o. Estamos pasando por un momento complicado en el aspecto sanitario, producto de la pandemia, pero de todos modos quisimos mantener esta tradici\u00f3n que alegra a adultos y principalmente, a nuestros ni\u00f1os que son los que m\u00e1s disfrutan en esta fecha tan significativa, como es la Navidad\u201d sostuvo el alcalde de Ovalle, Claudio Renter\u00eda.<\/p>\n<p>El \u00c1rbol de Navidad de Ovalle estar\u00e1 encendido hasta el pr\u00f3ximo 31 de enero de 2021, al igual que los arreglos navide\u00f1os que ha instalado el municipio local en la zona c\u00e9ntrica de la capital limarina.<\/p>\n<p>&nbsp;<\/p>\n","protected":false},"excerpt":{"rendered":"<p>El \u00c1rbol de Navidad estar\u00e1 encendido hasta el pr\u00f3ximo 31 de enero de 2021.<\/p>\n","protected":false},"author":2,"featured_media":4184,"comment_status":"open","ping_status":"open","sticky":false,"template":"","format":"standard","meta":{"footnotes":""},"categories":[5],"tags":[],"class_list":["post-4183","post","type-post","status-publish","format-standard","has-post-thumbnail","hentry","category-actualidad-limarina"],"_links":{"self":[{"href":"https:\/\/www.radiolimari.cl\/index.php?rest_route=\/wp\/v2\/posts\/4183","targetHints":{"allow":["GET"]}}],"collection":[{"href":"https:\/\/www.radiolimari.cl\/index.php?rest_route=\/wp\/v2\/posts"}],"about":[{"href":"https:\/\/www.radiolimari.cl\/index.php?rest_route=\/wp\/v2\/types\/post"}],"author":[{"embeddable":true,"href":"https:\/\/www.radiolimari.cl\/index.php?rest_route=\/wp\/v2\/users\/2"}],"replies":[{"embeddable":true,"href":"https:\/\/www.radiolimari.cl\/index.php?rest_route=%2Fwp%2Fv2%2Fcomments&post=4183"}],"version-history":[{"count":1,"href":"https:\/\/www.radiolimari.cl\/index.php?rest_route=\/wp\/v2\/posts\/4183\/revisions"}],"predecessor-version":[{"id":4185,"href":"https:\/\/www.radiolimari.cl\/index.php?rest_route=\/wp\/v2\/posts\/4183\/revisions\/4185"}],"wp:featuredmedia":[{"embeddable":true,"href":"https:\/\/www.radiolimari.cl\/index.php?rest_route=\/wp\/v2\/media\/4184"}],"wp:attachment":[{"href":"https:\/\/www.radiolimari.cl\/index.php?rest_route=%2Fwp%2Fv2%2Fmedia&parent=4183"}],"wp:term":[{"taxonomy":"category","embeddable":true,"href":"https:\/\/www.radiolimari.cl\/index.php?rest_route=%2Fwp%2Fv2%2Fcategories&post=4183"},{"taxonomy":"post_tag","embeddable":true,"href":"https:\/\/www.radiolimari.cl\/index.php?rest_route=%2Fwp%2Fv2%2Ftags&post=4183"}],"curies":[{"name":"wp","href":"https:\/\/api.w.org\/{rel}","templated":true}]}}