{"id":4166,"date":"2020-11-24T20:02:12","date_gmt":"2020-11-24T20:02:12","guid":{"rendered":"http:\/\/www.radiolimari.cl\/?p=4166"},"modified":"2020-11-24T20:02:12","modified_gmt":"2020-11-24T20:02:12","slug":"combarbala-fiscalia-formaliza-a-dos-imputados-investigados-por-cultivo-de-mas-de-mil-plantas-de-cannabis-en-la-quebrada-del-coligue","status":"publish","type":"post","link":"https:\/\/www.radiolimari.cl\/?p=4166","title":{"rendered":"Combarbal\u00e1: Fiscal\u00eda formaliza a dos imputados investigados por cultivo de m\u00e1s de mil plantas de cannabis en la quebrada del Colig\u00fce."},"content":{"rendered":"<p><a href=\"https:\/\/www.radiolimari.cl\/wp-content\/uploads\/2020\/11\/24.11-_11_2020comba.jpg\"><img fetchpriority=\"high\" decoding=\"async\" class=\"alignnone size-medium wp-image-4167\" src=\"https:\/\/www.radiolimari.cl\/wp-content\/uploads\/2020\/11\/24.11-_11_2020comba-300x200.jpg\" alt=\"24.11 _11_2020comba\" width=\"300\" height=\"200\" srcset=\"https:\/\/www.radiolimari.cl\/wp-content\/uploads\/2020\/11\/24.11-_11_2020comba-300x200.jpg 300w, https:\/\/www.radiolimari.cl\/wp-content\/uploads\/2020\/11\/24.11-_11_2020comba.jpg 400w\" sizes=\"(max-width: 300px) 100vw, 300px\" \/><\/a><\/p>\n<p><span style=\"color: #7c7c7c;\">Adem\u00e1s, el OS-7 de Carabineros incaut\u00f3 alrededor de 10 kilos 133 gramos de marihuana en proceso de secado.<\/span><!--more--><\/p>\n<p style=\"color: #424242;\">En diligencias conjuntas entre la Fiscal\u00eda de Combarbal\u00e1 y la Fiscal\u00eda de Ovalle, junto con el OS-7 de Carabineros, el Ministerio P\u00fablico formaliz\u00f3 investigaci\u00f3n a dos sujetos, conocidos con las iniciales C.R.L.H. y M.E.C.C., en calidad de imputados por el delito de cultivo de especies vegetales del g\u00e9nero cannabis.<\/p>\n<p style=\"color: #424242;\">Los hechos, seg\u00fan la formalizaci\u00f3n de la Fiscal\u00eda, quedaron al descubierto a ra\u00edz de una investigaci\u00f3n llevada junto a Carabineros.<\/p>\n<p style=\"color: #424242;\">Las pesquisas dejaron en evidencia que ambos sujetos mantendr\u00edan cultivos en la quebrada del Colig\u00fce en Combarbal\u00e1, en la cual se encontraron 1168 plantas de cannabis y 10 kilos 13 gramos de marihuana en proceso de secado.<\/p>\n<p style=\"color: #424242;\">El fiscal Carlos Jim\u00e9nez inform\u00f3 que los sujetos fueron encontrados en la quebrada con \u201c4 cultivos con el total de plantas vivas y una serie de elementos para regad\u00edo, manguera y piscina artificial. Esto fue descubierto gracias a personal del OS.7, quienes en coordinaci\u00f3n con las fiscal\u00edas lograron la detenci\u00f3n de ambos\u201d, dijo.<\/p>\n<p style=\"color: #424242;\">Los sujetos pasaron a control de detenci\u00f3n y formalizaci\u00f3n de la investigaci\u00f3n por el delito de cultivo de las especies vegetales. El juez de garant\u00eda orden\u00f3 la prisi\u00f3n preventiva para para ambos.<\/p>\n<p style=\"color: #424242;\">En tanto, se fijaron 90 d\u00edas para el desarrollo de la investigaci\u00f3n.<\/p>\n<p>&nbsp;<\/p>\n<p>&nbsp;<\/p>\n","protected":false},"excerpt":{"rendered":"<p>Adem\u00e1s, el OS-7 de Carabineros incaut\u00f3 alrededor de 10 kilos 133 gramos de marihuana en proceso de secado.<\/p>\n","protected":false},"author":2,"featured_media":4167,"comment_status":"open","ping_status":"open","sticky":false,"template":"","format":"standard","meta":{"footnotes":""},"categories":[5],"tags":[],"class_list":["post-4166","post","type-post","status-publish","format-standard","has-post-thumbnail","hentry","category-actualidad-limarina"],"_links":{"self":[{"href":"https:\/\/www.radiolimari.cl\/index.php?rest_route=\/wp\/v2\/posts\/4166","targetHints":{"allow":["GET"]}}],"collection":[{"href":"https:\/\/www.radiolimari.cl\/index.php?rest_route=\/wp\/v2\/posts"}],"about":[{"href":"https:\/\/www.radiolimari.cl\/index.php?rest_route=\/wp\/v2\/types\/post"}],"author":[{"embeddable":true,"href":"https:\/\/www.radiolimari.cl\/index.php?rest_route=\/wp\/v2\/users\/2"}],"replies":[{"embeddable":true,"href":"https:\/\/www.radiolimari.cl\/index.php?rest_route=%2Fwp%2Fv2%2Fcomments&post=4166"}],"version-history":[{"count":1,"href":"https:\/\/www.radiolimari.cl\/index.php?rest_route=\/wp\/v2\/posts\/4166\/revisions"}],"predecessor-version":[{"id":4168,"href":"https:\/\/www.radiolimari.cl\/index.php?rest_route=\/wp\/v2\/posts\/4166\/revisions\/4168"}],"wp:featuredmedia":[{"embeddable":true,"href":"https:\/\/www.radiolimari.cl\/index.php?rest_route=\/wp\/v2\/media\/4167"}],"wp:attachment":[{"href":"https:\/\/www.radiolimari.cl\/index.php?rest_route=%2Fwp%2Fv2%2Fmedia&parent=4166"}],"wp:term":[{"taxonomy":"category","embeddable":true,"href":"https:\/\/www.radiolimari.cl\/index.php?rest_route=%2Fwp%2Fv2%2Fcategories&post=4166"},{"taxonomy":"post_tag","embeddable":true,"href":"https:\/\/www.radiolimari.cl\/index.php?rest_route=%2Fwp%2Fv2%2Ftags&post=4166"}],"curies":[{"name":"wp","href":"https:\/\/api.w.org\/{rel}","templated":true}]}}