{"id":4157,"date":"2020-11-24T18:47:45","date_gmt":"2020-11-24T18:47:45","guid":{"rendered":"http:\/\/www.radiolimari.cl\/?p=4157"},"modified":"2020-11-24T18:47:45","modified_gmt":"2020-11-24T18:47:45","slug":"autoridades-entregan-kits-de-estimulacion-para-ninos-y-ninas-en-tiempos-de-pandemia","status":"publish","type":"post","link":"https:\/\/www.radiolimari.cl\/?p=4157","title":{"rendered":"Autoridades entregan kits de estimulaci\u00f3n para ni\u00f1os y ni\u00f1as en tiempos de pandemia"},"content":{"rendered":"<p><a href=\"https:\/\/www.radiolimari.cl\/wp-content\/uploads\/2020\/11\/24.10-ENTREGA-KITS-ESTIMULACI\u00d3N-RESIDENCIA-SENAME-3-min.jpg\"><img fetchpriority=\"high\" decoding=\"async\" class=\"alignnone size-medium wp-image-4158\" src=\"https:\/\/www.radiolimari.cl\/wp-content\/uploads\/2020\/11\/24.10-ENTREGA-KITS-ESTIMULACI\u00d3N-RESIDENCIA-SENAME-3-min-300x225.jpg\" alt=\"24.10 ENTREGA KITS ESTIMULACI\u00d3N RESIDENCIA SENAME (3)-min\" width=\"300\" height=\"225\" srcset=\"https:\/\/www.radiolimari.cl\/wp-content\/uploads\/2020\/11\/24.10-ENTREGA-KITS-ESTIMULACI\u00d3N-RESIDENCIA-SENAME-3-min-300x225.jpg 300w, https:\/\/www.radiolimari.cl\/wp-content\/uploads\/2020\/11\/24.10-ENTREGA-KITS-ESTIMULACI\u00d3N-RESIDENCIA-SENAME-3-min-1024x768.jpg 1024w\" sizes=\"(max-width: 300px) 100vw, 300px\" \/><\/a><\/p>\n<p><strong>El objetivo de este material es apoyar la estimulaci\u00f3n y juego en el contexto de la pandemia. A nivel regional se han destinado 1.000 unidades de este kit pensado para ni\u00f1os de entre 2 y 9 a\u00f1os.<\/strong><!--more--><\/p>\n<p>Hasta la residencia para ni\u00f1os y ni\u00f1as Centro Vida Chile en La Serena, llegaron autoridades regionales para hacer entrega de Kits de Estimulaci\u00f3n en Tiempos de Pandemia del Ministerio de Desarrollo Social y Familia, a trav\u00e9s de la Subsecretar\u00eda de la Ni\u00f1ez. De esta forma, el material fue recepcionado por la direcci\u00f3n del recinto.<\/p>\n<p>Al respecto, la Ministra de Desarrollo Social y Familia, Karla Rubilar, destac\u00f3 que \u201cdesde el inicio de la emergencia sanitaria, por medio la Subsecretar\u00eda de Ni\u00f1ez y Chile Crece Contigo se han desarrollado diferentes estrategias para apoyar a los ni\u00f1os y sus familias, mediante iniciativas que se adec\u00faan al escenario actual. Hoy m\u00e1s que nunca nuestra labor es velar incansablemente por proteger los derechos de nuestros ni\u00f1os, ni\u00f1as y adolescentes\u201d.<\/p>\n<p>Por su parte, el Seremi de Desarrollo Social y Familia, Marcelo Telias, explic\u00f3 que \u201cestamos entregando m\u00e1s de mil kits de estimulaci\u00f3n para ni\u00f1os y ni\u00f1as en nuestra regi\u00f3n. De los cuales 25 han sido destinados a la residencia Centro Vida Chile, y van en funci\u00f3n de los derechos que ellos tienen. As\u00ed como tienen derecho al juego, tambi\u00e9n tienen derecho a la educaci\u00f3n. Se est\u00e1n entregando en toda la red SENAME, para generar espacios de diversi\u00f3n, pero tambi\u00e9n aprendiendo\u201d.<\/p>\n<p>Cabe destacar, que el objetivo de este material es apoyar la estimulaci\u00f3n y juego en el contexto de la pandemia. A nivel nacional se han producido 25.000 unidades de este kit pensado para ni\u00f1os de entre 2 y 9 a\u00f1os.<\/p>\n<p>Es tal sentido, la Seremi de Justicia y Derechos Humanos, Alejandra Valdovinos, se\u00f1al\u00f3 que \u201ca nosotros nos parece buen\u00edsimo que el Ministerio de Desarrollo Social y Familia pueda colaborar con las residencias, con estos ni\u00f1os tan peque\u00f1itos, quienes est\u00e1n sin clases presenciales, as\u00ed que es una manera de tener un est\u00edmulo distinto. Son muy did\u00e1cticos y van a ser muy \u00fatiles ante un encierro muy prolongado, que comenz\u00f3 en marzo\u201d.<\/p>\n<p>A su vez, el director de la residencia Centro Vida Chile, Mauricio Montero, indic\u00f3 que \u201cen el estado de confinamiento que tenemos desde el mes de marzo, esto viene netamente a enriquecer el trabajo que se est\u00e1 realizando en residencias. Esto viene a apoyar, porque la pandemia ha tra\u00eddo muchas complicaciones, incluso para la compra de material. Tenemos ni\u00f1os que viven y estudian ac\u00e1. Su derecho a la educaci\u00f3n no se ha interrumpido y esto viene a fortalecer el tema escolar y educativo\u201d.<\/p>\n<p>El Kit de Estimulaci\u00f3n en Tiempos de Pandemia contiene 3 t\u00edteres de dedo;\u00a0 una caja de l\u00e1pices cera;\u00a0 una caja de acuarelas; un libro de actividades \u201cMi c\u00e1psula del Tiempo\u201d; un libro de cuentos \u201cMi Amigo Mied\u00edn\u201d; 4 l\u00e1minas de stickers y un d\u00edptico con ideas de actividades l\u00fadicas.<\/p>\n<p>&nbsp;<\/p>\n<p>&nbsp;<\/p>\n","protected":false},"excerpt":{"rendered":"<p>El objetivo de este material es apoyar la estimulaci\u00f3n y juego en el contexto de la pandemia. A nivel regional se han destinado 1.000 unidades de este kit pensado para ni\u00f1os de entre 2 y 9 a\u00f1os.<\/p>\n","protected":false},"author":2,"featured_media":4158,"comment_status":"open","ping_status":"open","sticky":false,"template":"","format":"standard","meta":{"footnotes":""},"categories":[6],"tags":[],"class_list":["post-4157","post","type-post","status-publish","format-standard","has-post-thumbnail","hentry","category-regionales"],"_links":{"self":[{"href":"https:\/\/www.radiolimari.cl\/index.php?rest_route=\/wp\/v2\/posts\/4157","targetHints":{"allow":["GET"]}}],"collection":[{"href":"https:\/\/www.radiolimari.cl\/index.php?rest_route=\/wp\/v2\/posts"}],"about":[{"href":"https:\/\/www.radiolimari.cl\/index.php?rest_route=\/wp\/v2\/types\/post"}],"author":[{"embeddable":true,"href":"https:\/\/www.radiolimari.cl\/index.php?rest_route=\/wp\/v2\/users\/2"}],"replies":[{"embeddable":true,"href":"https:\/\/www.radiolimari.cl\/index.php?rest_route=%2Fwp%2Fv2%2Fcomments&post=4157"}],"version-history":[{"count":1,"href":"https:\/\/www.radiolimari.cl\/index.php?rest_route=\/wp\/v2\/posts\/4157\/revisions"}],"predecessor-version":[{"id":4159,"href":"https:\/\/www.radiolimari.cl\/index.php?rest_route=\/wp\/v2\/posts\/4157\/revisions\/4159"}],"wp:featuredmedia":[{"embeddable":true,"href":"https:\/\/www.radiolimari.cl\/index.php?rest_route=\/wp\/v2\/media\/4158"}],"wp:attachment":[{"href":"https:\/\/www.radiolimari.cl\/index.php?rest_route=%2Fwp%2Fv2%2Fmedia&parent=4157"}],"wp:term":[{"taxonomy":"category","embeddable":true,"href":"https:\/\/www.radiolimari.cl\/index.php?rest_route=%2Fwp%2Fv2%2Fcategories&post=4157"},{"taxonomy":"post_tag","embeddable":true,"href":"https:\/\/www.radiolimari.cl\/index.php?rest_route=%2Fwp%2Fv2%2Ftags&post=4157"}],"curies":[{"name":"wp","href":"https:\/\/api.w.org\/{rel}","templated":true}]}}