{"id":4149,"date":"2020-11-19T19:26:00","date_gmt":"2020-11-19T19:26:00","guid":{"rendered":"http:\/\/www.radiolimari.cl\/?p=4149"},"modified":"2020-11-19T19:26:00","modified_gmt":"2020-11-19T19:26:00","slug":"en-salamanca-celebran-dia-internacional-de-la-mujer-emprendedora","status":"publish","type":"post","link":"https:\/\/www.radiolimari.cl\/?p=4149","title":{"rendered":"En Salamanca celebran D\u00eda Internacional de la Mujer Emprendedora"},"content":{"rendered":"<p><a href=\"https:\/\/www.radiolimari.cl\/wp-content\/uploads\/2020\/11\/19.11-sernameg.jpg\"><img fetchpriority=\"high\" decoding=\"async\" class=\"alignnone size-medium wp-image-4150\" src=\"https:\/\/www.radiolimari.cl\/wp-content\/uploads\/2020\/11\/19.11-sernameg-300x225.jpg\" alt=\"19.11 sernameg\" width=\"300\" height=\"225\" srcset=\"https:\/\/www.radiolimari.cl\/wp-content\/uploads\/2020\/11\/19.11-sernameg-300x225.jpg 300w, https:\/\/www.radiolimari.cl\/wp-content\/uploads\/2020\/11\/19.11-sernameg-1024x768.jpg 1024w\" sizes=\"(max-width: 300px) 100vw, 300px\" \/><\/a><\/p>\n<p><strong><em>El 19 de noviembre se celebra el D\u00eda Internacional de la Mujer Emprendedora y tiene como finalidad visibilizar a la mujer y seguir contribuyendo al empoderamiento femenino en el mundo, adem\u00e1s de acabar con la desigualdad de g\u00e9nero<\/em><\/strong><!--more--><\/p>\n<p>Avanzar en mayor autonom\u00eda econ\u00f3mica femenina, recuperar emprendimientos liderados por mujeres e incentivar a nuevas generaciones de mujeres emprender sus propios negocios, fueron los ejes centrales que destac\u00f3 la seremi de la Mujer y la Equidad de G\u00e9nero, Iv\u00f3n Guerra en el marco del D\u00eda Internacional de las Mujeres Emprendedoras.<\/p>\n<p>La seremi de la Mujer, se traslad\u00f3 hasta Salamanca para celebrar este D\u00eda. Guerra conoci\u00f3 emprendimientos\u00a0 de hospedaje y turismo liderado por mujeres, como tambi\u00e9n mujeres de la agrupaci\u00f3n Mercado de la \u201cTierra Slow Food Salamanca\u201d que generan distintos productos org\u00e1nicos a trav\u00e9s de la agricultura familiar campesina<\/p>\n<p><strong>\u201cLlegamos hasta Salamanca donde conocimos y compartimos con distintas mujeres que inspiran, que a pesar de los dif\u00edciles momentos que han vivido a causa de la pandemia, siguen trabajando para salir adelante. En el D\u00eda Internacional de la Mujer Emprendedora hemos querido destacarlas. Son mujeres lideradas que gracias a su esfuerzo sacan a sus familias adelante. Son un ejemplo\u201d, <\/strong>explic\u00f3, Iv\u00f3n Guerra.<\/p>\n<p>Una de las emprendedoras que la seremi, Iv\u00f3n Guerra visit\u00f3 es Antonieta Alcarraz, quien es due\u00f1a y lidera\u00a0 el Hotel\u00a0 El Estero de Salamanca, iniciativa familiar que destaca por sus lujosas habitaciones, excelente cocina y un ambiente natural.<\/p>\n<p>Otra de las emprendedoras que visit\u00f3 Guerra, es Handy\u00a0 Gotschlich, quien es usuaria del Programa Mujeres Jefas de Hogar de SernamEG. Ella vive en la localidad de Jorquera en Salamanca. Handy tambi\u00e9n lidera un innovador negocio de Hospedaje, al estilo \u00abgringo\u00bb que se denomina Alto Cipr\u00e9s.<\/p>\n<p>La seremi de la Mujer, Iv\u00f3n Guerra agreg\u00f3 <strong>\u201cnecesitamos m\u00e1s emprendimientos femeninos, avanzar en autonom\u00eda econ\u00f3mica y que m\u00e1s mujeres se atrevan a sumarse con nuevas ideas de negocios. El emprendimiento es una opci\u00f3n relevante para avanzar econ\u00f3micamente. Como Gobierno y ministerio tenemos una variada bater\u00eda de apoyo a trav\u00e9s de Fondos y Capacitaciones. Invito a m\u00e1s mujeres a que se unan de manera colectiva para emprender o bien lo hagan individualmente y puedan salir adelante. Las mujeres podemos\u201d,<\/strong> cerr\u00f3 Guerra.<\/p>\n<p>El 2014 las Naciones Unidas instauraron el 19 de noviembre el D\u00eda Internacional de la Mujer Emprendedora<\/p>\n","protected":false},"excerpt":{"rendered":"<p>El 19 de noviembre se celebra el D\u00eda Internacional de la Mujer Emprendedora y tiene como finalidad visibilizar a la mujer y seguir contribuyendo al empoderamiento femenino en el mundo, adem\u00e1s de acabar con la desigualdad de g\u00e9nero<\/p>\n","protected":false},"author":2,"featured_media":4150,"comment_status":"open","ping_status":"open","sticky":false,"template":"","format":"standard","meta":{"footnotes":""},"categories":[6],"tags":[],"class_list":["post-4149","post","type-post","status-publish","format-standard","has-post-thumbnail","hentry","category-regionales"],"_links":{"self":[{"href":"https:\/\/www.radiolimari.cl\/index.php?rest_route=\/wp\/v2\/posts\/4149","targetHints":{"allow":["GET"]}}],"collection":[{"href":"https:\/\/www.radiolimari.cl\/index.php?rest_route=\/wp\/v2\/posts"}],"about":[{"href":"https:\/\/www.radiolimari.cl\/index.php?rest_route=\/wp\/v2\/types\/post"}],"author":[{"embeddable":true,"href":"https:\/\/www.radiolimari.cl\/index.php?rest_route=\/wp\/v2\/users\/2"}],"replies":[{"embeddable":true,"href":"https:\/\/www.radiolimari.cl\/index.php?rest_route=%2Fwp%2Fv2%2Fcomments&post=4149"}],"version-history":[{"count":1,"href":"https:\/\/www.radiolimari.cl\/index.php?rest_route=\/wp\/v2\/posts\/4149\/revisions"}],"predecessor-version":[{"id":4151,"href":"https:\/\/www.radiolimari.cl\/index.php?rest_route=\/wp\/v2\/posts\/4149\/revisions\/4151"}],"wp:featuredmedia":[{"embeddable":true,"href":"https:\/\/www.radiolimari.cl\/index.php?rest_route=\/wp\/v2\/media\/4150"}],"wp:attachment":[{"href":"https:\/\/www.radiolimari.cl\/index.php?rest_route=%2Fwp%2Fv2%2Fmedia&parent=4149"}],"wp:term":[{"taxonomy":"category","embeddable":true,"href":"https:\/\/www.radiolimari.cl\/index.php?rest_route=%2Fwp%2Fv2%2Fcategories&post=4149"},{"taxonomy":"post_tag","embeddable":true,"href":"https:\/\/www.radiolimari.cl\/index.php?rest_route=%2Fwp%2Fv2%2Ftags&post=4149"}],"curies":[{"name":"wp","href":"https:\/\/api.w.org\/{rel}","templated":true}]}}