{"id":4137,"date":"2020-11-18T19:57:29","date_gmt":"2020-11-18T19:57:29","guid":{"rendered":"http:\/\/www.radiolimari.cl\/?p=4137"},"modified":"2020-11-18T19:57:29","modified_gmt":"2020-11-18T19:57:29","slug":"municipio-retoma-operativos-de-desparasitacion-y-cuidados-de-mascotas-en-ovalle","status":"publish","type":"post","link":"https:\/\/www.radiolimari.cl\/?p=4137","title":{"rendered":"Municipio retoma operativos de desparasitaci\u00f3n y cuidados de mascotas en Ovalle"},"content":{"rendered":"<p><a href=\"https:\/\/www.radiolimari.cl\/wp-content\/uploads\/2020\/11\/18.11-Operativo-Garrapata-Caf\u00e9-Foto-archivo.jpg\"><img fetchpriority=\"high\" decoding=\"async\" class=\"alignnone size-medium wp-image-4138\" src=\"https:\/\/www.radiolimari.cl\/wp-content\/uploads\/2020\/11\/18.11-Operativo-Garrapata-Caf\u00e9-Foto-archivo-300x200.jpg\" alt=\"18.11 Operativo Garrapata Caf\u00e9 (Foto archivo)\" width=\"300\" height=\"200\" srcset=\"https:\/\/www.radiolimari.cl\/wp-content\/uploads\/2020\/11\/18.11-Operativo-Garrapata-Caf\u00e9-Foto-archivo-300x200.jpg 300w, https:\/\/www.radiolimari.cl\/wp-content\/uploads\/2020\/11\/18.11-Operativo-Garrapata-Caf\u00e9-Foto-archivo-1024x682.jpg 1024w\" sizes=\"(max-width: 300px) 100vw, 300px\" \/><\/a><\/p>\n<p><strong><em>El departamento de Salud e Higiene Ambiental inici\u00f3 un ciclo de operativos apuntado al control de la \u201cGarrapata Caf\u00e9 del Perro\u201d, que entre septiembre y marzo se convierte en una plaga muy molesta, tanto para las mascotas, como para sus due\u00f1os.<\/em><\/strong><!--more--><\/p>\n<p>Uno de los beneficios m\u00e1s valorados por la comunidad son los operativos que apuntan al cuidado de las mascotas. Estas intervenciones, realizadas por el municipio de Ovalle, a trav\u00e9s del departamento de Salud, \u00a0fueron suspendidas, tras la declaraci\u00f3n de emergencia sanitaria provocada por el Covid-19. Pero gracias a los buenos \u00edndices que tiene la comuna de Ovalle, y que la mantienen en Fase 4 o de Preparaci\u00f3n Inicial, el departamento de Salud decidi\u00f3 retomar estas iniciativas, que recorren diversos puntos de la comuna y que permiten realizar un servicio gratuito para los vecinos.<\/p>\n<p>&nbsp;<\/p>\n<p>Estas intervenciones apuntar\u00e1n al control de la \u201cGarrapata Caf\u00e9 del Perro\u201d, que en el periodo comprendido entre los meses de septiembre y marzo, se convierte en una plaga muy desagradable, tanto para las mascotas, como para los due\u00f1os, quienes tienen que buscar los m\u00e9todos para evitar su propagaci\u00f3n.<\/p>\n<p>&nbsp;<\/p>\n<p>En esta \u00e9poca del a\u00f1o es muy recurrente la presencia de estos par\u00e1sitos en los caninos, debido a las altas temperaturas. \u201cEn dichas circunstancias, se evidencia de tal forma, que nuestras mascotas pueden sufrir diversas patolog\u00edas, por lo que es sumamente relevante dar esta atenci\u00f3n primaria veterinaria, que busca el beneficio de la salud animal, ambiental y familiar, en concordancia con las directrices del departamento de Salud e Higiene Ambiental del municipio de Ovalle\u201d indic\u00f3 el encargado de la Oficina de Higiene Ambiental del departamento de Salud Municipal, Pedro Mu\u00f1oz.<\/p>\n<p>&nbsp;<\/p>\n<p>El primero de estos operativos se realizar\u00e1 el pr\u00f3ximo viernes 20 de noviembre en Sotaqui y posteriormente, en fechas por confirmar, se llevar\u00e1n a cabo en las localidades de Salala, Cerrillos de Tamaya, Llanos del Limar\u00ed y en la villa Los Naranjos Parte Alta.<\/p>\n<p>&nbsp;<\/p>\n<p>El tratamiento consiste \u201cen la administraci\u00f3n inyectable, y subcut\u00e1nea de un antiparasitario de amplio espectro, y de otras alternativas como \u00abderrame sanitario\u00bb o en \u00abSpray\u00bb, para el caso de caninos al\u00e9rgicos o ciertas razas que no se deben inyectar. Adem\u00e1s, se otorgaran consultas, curaciones y atenciones de diversos tipos\u201d agreg\u00f3 Mu\u00f1oz.<\/p>\n<p>&nbsp;<\/p>\n<p>Los dirigentes de las juntas de vecinos que necesiten estos operativos en su sector puede concurrir al departamento de Salud Municipal, ubicado en calle Gabriela Mistral 55, firmar un formulario para la actividad y posteriormente se le informa la fecha y los horarios, para efectuar la intervenci\u00f3n. Para mayor informaci\u00f3n pueden llamar al 53 2 624079 o al 9-89535160 o enviar un correo electr\u00f3nico a <a href=\"mailto:veterinariodesa@gmail.com\">veterinariodesa@gmail.com<\/a><\/p>\n","protected":false},"excerpt":{"rendered":"<p>El departamento de Salud e Higiene Ambiental inici\u00f3 un ciclo de operativos apuntado al control de la \u201cGarrapata Caf\u00e9 del Perro\u201d, que entre septiembre y marzo se convierte en una plaga muy molesta, tanto para las mascotas, como para sus due\u00f1os.<\/p>\n","protected":false},"author":2,"featured_media":4138,"comment_status":"open","ping_status":"open","sticky":false,"template":"","format":"standard","meta":{"footnotes":""},"categories":[5],"tags":[],"class_list":["post-4137","post","type-post","status-publish","format-standard","has-post-thumbnail","hentry","category-actualidad-limarina"],"_links":{"self":[{"href":"https:\/\/www.radiolimari.cl\/index.php?rest_route=\/wp\/v2\/posts\/4137","targetHints":{"allow":["GET"]}}],"collection":[{"href":"https:\/\/www.radiolimari.cl\/index.php?rest_route=\/wp\/v2\/posts"}],"about":[{"href":"https:\/\/www.radiolimari.cl\/index.php?rest_route=\/wp\/v2\/types\/post"}],"author":[{"embeddable":true,"href":"https:\/\/www.radiolimari.cl\/index.php?rest_route=\/wp\/v2\/users\/2"}],"replies":[{"embeddable":true,"href":"https:\/\/www.radiolimari.cl\/index.php?rest_route=%2Fwp%2Fv2%2Fcomments&post=4137"}],"version-history":[{"count":1,"href":"https:\/\/www.radiolimari.cl\/index.php?rest_route=\/wp\/v2\/posts\/4137\/revisions"}],"predecessor-version":[{"id":4139,"href":"https:\/\/www.radiolimari.cl\/index.php?rest_route=\/wp\/v2\/posts\/4137\/revisions\/4139"}],"wp:featuredmedia":[{"embeddable":true,"href":"https:\/\/www.radiolimari.cl\/index.php?rest_route=\/wp\/v2\/media\/4138"}],"wp:attachment":[{"href":"https:\/\/www.radiolimari.cl\/index.php?rest_route=%2Fwp%2Fv2%2Fmedia&parent=4137"}],"wp:term":[{"taxonomy":"category","embeddable":true,"href":"https:\/\/www.radiolimari.cl\/index.php?rest_route=%2Fwp%2Fv2%2Fcategories&post=4137"},{"taxonomy":"post_tag","embeddable":true,"href":"https:\/\/www.radiolimari.cl\/index.php?rest_route=%2Fwp%2Fv2%2Ftags&post=4137"}],"curies":[{"name":"wp","href":"https:\/\/api.w.org\/{rel}","templated":true}]}}