{"id":4131,"date":"2020-11-16T15:22:46","date_gmt":"2020-11-16T15:22:46","guid":{"rendered":"http:\/\/www.radiolimari.cl\/?p=4131"},"modified":"2020-11-16T15:22:46","modified_gmt":"2020-11-16T15:22:46","slug":"provincia-de-limari-vivira-didactico-encuentro-cientifico-escolar-en-modalidad-virtual","status":"publish","type":"post","link":"https:\/\/www.radiolimari.cl\/?p=4131","title":{"rendered":"Provincia de Limar\u00ed vivir\u00e1 did\u00e1ctico encuentro cient\u00edfico escolar en modalidad virtual"},"content":{"rendered":"<p><a href=\"https:\/\/www.radiolimari.cl\/wp-content\/uploads\/2020\/11\/16.11-FERIAS_Limari_Mesa-de-trabajo-1.png\"><img fetchpriority=\"high\" decoding=\"async\" class=\"alignnone size-medium wp-image-4132\" src=\"https:\/\/www.radiolimari.cl\/wp-content\/uploads\/2020\/11\/16.11-FERIAS_Limari_Mesa-de-trabajo-1-300x249.png\" alt=\"16.11 FERIAS_Limari_Mesa de trabajo 1\" width=\"300\" height=\"249\" srcset=\"https:\/\/www.radiolimari.cl\/wp-content\/uploads\/2020\/11\/16.11-FERIAS_Limari_Mesa-de-trabajo-1-300x249.png 300w, https:\/\/www.radiolimari.cl\/wp-content\/uploads\/2020\/11\/16.11-FERIAS_Limari_Mesa-de-trabajo-1-1024x853.png 1024w, https:\/\/www.radiolimari.cl\/wp-content\/uploads\/2020\/11\/16.11-FERIAS_Limari_Mesa-de-trabajo-1.png 1499w\" sizes=\"(max-width: 300px) 100vw, 300px\" \/><\/a><\/p>\n<p><strong>El evento tendr\u00e1 desarrollo los d\u00edas 17 y 18 de noviembre, participando equipos de Monte Patria, Ovalle, Combarbal\u00e1 y Rio Hurtado.<\/strong><!--more--><\/p>\n<p>Luego de una exitosa primera Feria Virtual Escolar de la Ciencia y la Tecnolog\u00eda que se vivi\u00f3 con estudiantes y docentes de la Provincia de Elqui, llega el turno para los equipos que vienen desde el Limar\u00ed a presentar sus indagaciones cient\u00edficas realizadas en el a\u00f1o.<\/p>\n<p>Los 10 establecimientos que participar\u00e1n de esta instancia educativa, provienen de las comunas de <strong>Monte Patria, Ovalle, Combarbal\u00e1 y Rio Hurtado.<\/strong> Ellos, mediante v\u00eda remota, podr\u00e1n dar a conocer y debatir las investigaciones realizadas. De esta forma se les dar\u00e1 la instancia de presentaci\u00f3n y como llevaron a cabo sus proyectos en la que todos los alumnos y p\u00fablico presente podr\u00e1 participar.<\/p>\n<p>En esta segunda instancia de encuentros de escolares de la ciencia y la tecnolog\u00eda, se podr\u00e1n conocer once proyectos escolares, con temas a presentar como \u201cEl rol de las mujeres de nuestra comunidad en tiempos de pandemia\u201d, adem\u00e1s de experiencias asociadas a la \u201cAutomedicaci\u00f3n antes y despu\u00e9s del Covid-19\u201d, y de investigaciones vinculadas a la flora y fauna de la zona, entre muchos otros.<\/p>\n<p>Lorena Mu\u00f1oz, encargada del desarrollo de esta Feria, hizo un llamado a que todos y todas se sumen a este encuentro \u00abinvitamos a toda la comunidad del Limar\u00ed a que se sumen a esta actividad y puedan disfrutar de los 11 proyectos desarrollados por los estudiantes y docentes de la zona, y puedan disfrutar de c\u00f3mo se hace ciencia all\u00e1 y apoyen a los ni\u00f1os y ni\u00f1as que realizaron interesantes investigaciones\u00bb.<\/p>\n<p>A pesar de no ser una experiencia presencial, esto dar\u00e1 paso a que no exista barrera geogr\u00e1fica que impida que cualquier interesado pueda asistir a estos espacios de conocimiento y desarrollo de la ciencia.<\/p>\n<p>Los dos d\u00edas en el que se desarrollen las jornadas ser\u00e1n abiertas al p\u00fablico. El 17 de noviembre ser\u00e1 de 9:00 a 12:00 h. y el 18 de noviembre de 9:00 a 11:00 de la ma\u00f1ana, finalizando con una charla dictada por la Dra. Sandra Ampuero, vir\u00f3loga de la Universidad de Chile. Todas las transmisiones se podr\u00e1n seguir en vivo por el Facebook del\u00a0Explora Coquimbo.<\/p>\n<p>&nbsp;<\/p>\n","protected":false},"excerpt":{"rendered":"<p>El evento tendr\u00e1 desarrollo los d\u00edas 17 y 18 de noviembre, participando equipos de Monte Patria, Ovalle, Combarbal\u00e1 y Rio Hurtado.<\/p>\n","protected":false},"author":2,"featured_media":4132,"comment_status":"open","ping_status":"open","sticky":false,"template":"","format":"standard","meta":{"footnotes":""},"categories":[3],"tags":[],"class_list":["post-4131","post","type-post","status-publish","format-standard","has-post-thumbnail","hentry","category-actualidad"],"_links":{"self":[{"href":"https:\/\/www.radiolimari.cl\/index.php?rest_route=\/wp\/v2\/posts\/4131","targetHints":{"allow":["GET"]}}],"collection":[{"href":"https:\/\/www.radiolimari.cl\/index.php?rest_route=\/wp\/v2\/posts"}],"about":[{"href":"https:\/\/www.radiolimari.cl\/index.php?rest_route=\/wp\/v2\/types\/post"}],"author":[{"embeddable":true,"href":"https:\/\/www.radiolimari.cl\/index.php?rest_route=\/wp\/v2\/users\/2"}],"replies":[{"embeddable":true,"href":"https:\/\/www.radiolimari.cl\/index.php?rest_route=%2Fwp%2Fv2%2Fcomments&post=4131"}],"version-history":[{"count":1,"href":"https:\/\/www.radiolimari.cl\/index.php?rest_route=\/wp\/v2\/posts\/4131\/revisions"}],"predecessor-version":[{"id":4133,"href":"https:\/\/www.radiolimari.cl\/index.php?rest_route=\/wp\/v2\/posts\/4131\/revisions\/4133"}],"wp:featuredmedia":[{"embeddable":true,"href":"https:\/\/www.radiolimari.cl\/index.php?rest_route=\/wp\/v2\/media\/4132"}],"wp:attachment":[{"href":"https:\/\/www.radiolimari.cl\/index.php?rest_route=%2Fwp%2Fv2%2Fmedia&parent=4131"}],"wp:term":[{"taxonomy":"category","embeddable":true,"href":"https:\/\/www.radiolimari.cl\/index.php?rest_route=%2Fwp%2Fv2%2Fcategories&post=4131"},{"taxonomy":"post_tag","embeddable":true,"href":"https:\/\/www.radiolimari.cl\/index.php?rest_route=%2Fwp%2Fv2%2Ftags&post=4131"}],"curies":[{"name":"wp","href":"https:\/\/api.w.org\/{rel}","templated":true}]}}