{"id":4128,"date":"2020-11-16T15:01:24","date_gmt":"2020-11-16T15:01:24","guid":{"rendered":"http:\/\/www.radiolimari.cl\/?p=4128"},"modified":"2020-11-16T15:01:24","modified_gmt":"2020-11-16T15:01:24","slug":"reactivacion-economica-y-generacion-de-empleo-seran-los-focos-del-nuevo-seremi-de-obras-publicas","status":"publish","type":"post","link":"https:\/\/www.radiolimari.cl\/?p=4128","title":{"rendered":"Reactivaci\u00f3n econ\u00f3mica y generaci\u00f3n de empleo ser\u00e1n los focos del nuevo SEREMI de Obras P\u00fablicas"},"content":{"rendered":"<p><a href=\"https:\/\/www.radiolimari.cl\/wp-content\/uploads\/2020\/11\/16.11-pedro-rojas.jpg\"><img fetchpriority=\"high\" decoding=\"async\" class=\"alignnone size-medium wp-image-4129\" src=\"https:\/\/www.radiolimari.cl\/wp-content\/uploads\/2020\/11\/16.11-pedro-rojas-300x225.jpg\" alt=\"16.11 pedro rojas\" width=\"300\" height=\"225\" srcset=\"https:\/\/www.radiolimari.cl\/wp-content\/uploads\/2020\/11\/16.11-pedro-rojas-300x225.jpg 300w, https:\/\/www.radiolimari.cl\/wp-content\/uploads\/2020\/11\/16.11-pedro-rojas.jpg 1024w\" sizes=\"(max-width: 300px) 100vw, 300px\" \/><\/a><\/p>\n<p><strong>Tras asumir formalmente en el nuevo cargo, y en una reuni\u00f3n con el Intendente Pablo Herman, Pedro Rojas enfatiz\u00f3 en la importancia de llevar a cabo las obras de forma expedita y con la mayor cercan\u00eda y comunicaci\u00f3n posible con los usuarios y beneficiarios.<\/strong><!--more--><\/p>\n<p>Hace unos d\u00edas el Ministerio de Obras P\u00fablicas anunci\u00f3 el nombramiento del nuevo Seremi de la cartera en la Regi\u00f3n de Coquimbo. Se trata de Pedro Rojas, quien hasta ese momento desempe\u00f1aba el rol en calidad de subrogante, luego de que el ex Seremi, Pablo Herman, asumiera como Intendente de la regi\u00f3n.<\/p>\n<p>Tras la primera reuni\u00f3n sostenida luego del nombramiento, el Intendente Herman indic\u00f3 que <strong>\u201cdespu\u00e9s de un mes de revisar los antecedentes de distintos postulantes, elegimos a la mejor persona para representar al Ministerio de Obras P\u00fablicas, como es el ex director de arquitectura. El conoce muy bien el funcionamiento interno del ministerio y a sus funcionarios, por lo que va a seguir desarrollando un trabajo con una alta participaci\u00f3n ciudadana, tal como ha instruido el Presidente Sebasti\u00e1n Pi\u00f1era, que las obras se hagan con los vecinos y las vecinas de la regi\u00f3n\u201d.<\/strong><\/p>\n<p>El arquitecto es titulado de la Universidad de Talca y cuenta con una pasant\u00eda en la Universidad Roma TRE, en Italia, y comenz\u00f3 la subrogancia como SEREMI en septiembre de este a\u00f1o. En mayo de 2018 hab\u00eda asumido como Director Regional de arquitectura del MOP.<\/p>\n<p>Sobre el nombramiento y los focos de trabajo en su gesti\u00f3n, el nuevo SEREMI dijo que <strong>\u201clo principal es estar cerca de las personas, usuarios y beneficiarios de los proyectos que construimos. Esta es una de las gu\u00edas fundamentales para el trabajo que tenemos que hacer en obras p\u00fablicas y obviamente la reactivaci\u00f3n ser\u00e1 el eje principal. Tenemos que acelerar nuestros procesos para adjudicar las obras y que eso se refleje en empleos para la gente y, para eso, estamos levantando un gran plan de licitaciones, en que podremos tener gran participaci\u00f3n de mano de obra local desde principios del pr\u00f3ximo a\u00f1o\u201d.<\/strong><\/p>\n<p>Entre las obras asociadas al per\u00edodo de gesti\u00f3n de Pedro Rojas como Director de Arquitectura est\u00e1n la reposici\u00f3n del CESFAM de Rio Hurtado, obra finalizada que involucr\u00f3 una inversi\u00f3n superior a los $2.800 millones; la restauraci\u00f3n de la Casa Gabriela Mistral en Las Compa\u00f1\u00edas, con una inversi\u00f3n de $757 millones; y la reposici\u00f3n del Ret\u00e9n de Cha\u00f1aral Alto, en Monte Patria, en la que se invirti\u00f3 m\u00e1s de $1.000 millones.<\/p>\n<p>A esto se suman una serie de iniciativas en ejecuci\u00f3n y otras en adjudicaci\u00f3n, entre ellas la restauraci\u00f3n del Faro Monumental de La Serena; la reposici\u00f3n del Instituto de Rehabilitaci\u00f3n Telet\u00f3n, en Coquimbo; y la Ampliaci\u00f3n del edificio consistorial de Andacollo.<\/p>\n<p>&nbsp;<\/p>\n","protected":false},"excerpt":{"rendered":"<p>Tras asumir formalmente en el nuevo cargo, y en una reuni\u00f3n con el Intendente Pablo Herman, Pedro Rojas enfatiz\u00f3 en la importancia de llevar a cabo las obras de forma expedita y con la mayor cercan\u00eda y comunicaci\u00f3n posible con los usuarios y beneficiarios.<\/p>\n","protected":false},"author":2,"featured_media":4129,"comment_status":"open","ping_status":"open","sticky":false,"template":"","format":"standard","meta":{"footnotes":""},"categories":[6],"tags":[],"class_list":["post-4128","post","type-post","status-publish","format-standard","has-post-thumbnail","hentry","category-regionales"],"_links":{"self":[{"href":"https:\/\/www.radiolimari.cl\/index.php?rest_route=\/wp\/v2\/posts\/4128","targetHints":{"allow":["GET"]}}],"collection":[{"href":"https:\/\/www.radiolimari.cl\/index.php?rest_route=\/wp\/v2\/posts"}],"about":[{"href":"https:\/\/www.radiolimari.cl\/index.php?rest_route=\/wp\/v2\/types\/post"}],"author":[{"embeddable":true,"href":"https:\/\/www.radiolimari.cl\/index.php?rest_route=\/wp\/v2\/users\/2"}],"replies":[{"embeddable":true,"href":"https:\/\/www.radiolimari.cl\/index.php?rest_route=%2Fwp%2Fv2%2Fcomments&post=4128"}],"version-history":[{"count":1,"href":"https:\/\/www.radiolimari.cl\/index.php?rest_route=\/wp\/v2\/posts\/4128\/revisions"}],"predecessor-version":[{"id":4130,"href":"https:\/\/www.radiolimari.cl\/index.php?rest_route=\/wp\/v2\/posts\/4128\/revisions\/4130"}],"wp:featuredmedia":[{"embeddable":true,"href":"https:\/\/www.radiolimari.cl\/index.php?rest_route=\/wp\/v2\/media\/4129"}],"wp:attachment":[{"href":"https:\/\/www.radiolimari.cl\/index.php?rest_route=%2Fwp%2Fv2%2Fmedia&parent=4128"}],"wp:term":[{"taxonomy":"category","embeddable":true,"href":"https:\/\/www.radiolimari.cl\/index.php?rest_route=%2Fwp%2Fv2%2Fcategories&post=4128"},{"taxonomy":"post_tag","embeddable":true,"href":"https:\/\/www.radiolimari.cl\/index.php?rest_route=%2Fwp%2Fv2%2Ftags&post=4128"}],"curies":[{"name":"wp","href":"https:\/\/api.w.org\/{rel}","templated":true}]}}