{"id":4125,"date":"2020-11-16T14:39:22","date_gmt":"2020-11-16T14:39:22","guid":{"rendered":"http:\/\/www.radiolimari.cl\/?p=4125"},"modified":"2020-11-16T14:39:22","modified_gmt":"2020-11-16T14:39:22","slug":"33-organizaciones-sociales-de-limari-son-beneficiadas-con-el-fondo-presidente-de-la-republica","status":"publish","type":"post","link":"https:\/\/www.radiolimari.cl\/?p=4125","title":{"rendered":"33 organizaciones sociales de Limar\u00ed son beneficiadas con el Fondo Presidente de la rep\u00fablica"},"content":{"rendered":"<p><a href=\"https:\/\/www.radiolimari.cl\/wp-content\/uploads\/2020\/11\/16.11-FONDES11.jpg\"><img fetchpriority=\"high\" decoding=\"async\" class=\"alignnone size-medium wp-image-4126\" src=\"https:\/\/www.radiolimari.cl\/wp-content\/uploads\/2020\/11\/16.11-FONDES11-300x225.jpg\" alt=\"16.11 FONDES11\" width=\"300\" height=\"225\" srcset=\"https:\/\/www.radiolimari.cl\/wp-content\/uploads\/2020\/11\/16.11-FONDES11-300x225.jpg 300w, https:\/\/www.radiolimari.cl\/wp-content\/uploads\/2020\/11\/16.11-FONDES11-1024x768.jpg 1024w\" sizes=\"(max-width: 300px) 100vw, 300px\" \/><\/a><\/p>\n<p><strong><em>Fondo de Ministerio del Interior financia equipamiento, implementaci\u00f3n e infraestructura comunitaria.<\/em><\/strong><!--more--><\/p>\n<p>En total fueron 33 las organizaciones sociales en la provincia de Limar\u00ed que se adjudicaron proyectos postulados al Fondo Presidente de la Rep\u00fablica, l\u00ednea de financiamiento que el Gobierno de Chile pone a disposici\u00f3n de la ciudadan\u00eda para fortalecer el tejido social, contar con mejores espacios, implementaci\u00f3n y oportunidades para la vida comunitaria en cada barrio y su entorno.<\/p>\n<p>El Sindicato de Pescadores Alga mar de Caleta Talca, ha sido una de las instituciones beneficiadas con fondos que les permitir\u00e1n tener un mejor espacio para su organizaci\u00f3n. Susana galleguillos, presidenta del Sindicato indic\u00f3 que \u201cnosotros postulamos a la implementaci\u00f3n de la sede social, es muy importante porque ten\u00edamos solamente implementos antiguos y ahora vamos a poder contar con mobiliario nuevo para nuestras reuniones.<\/p>\n<p>Fueron m\u00e1s 16 millones de pesos invertidos en total y distribuidos entre las organizaciones sociales que postularon a trav\u00e9s de dos modalidades: FONDES (Fondos Desconcentrados) y Fondo Nacional. Se trata de recursos del Ministerio del Interior y Seguridad P\u00fablica.<\/p>\n<p>Respecto de la importancia de esta instancia para la regi\u00f3n de Coquimbo y en particular para la provincia de Limar\u00ed, el Intendente Pablo Herman indic\u00f3 \u201ces fundamental trabajar en terreno y en conjunto con las organizaciones sociales. Con los dirigentes y dirigentes que est\u00e1n d\u00eda a d\u00eda luchando y trabajando sus vecinos para sacar adelante sus barrios y su sector. Esos implementos los ayudan con recursos concretos con implementaciones y poder tener un mejor quehacer en su comunidad\u201d.<\/p>\n<p>Los proyectos cuentan entre otros con implementos deportivos, enseres para las sedes comunitarias, materiales para el desarrollo de actividades recreativas, equipos electr\u00f3nicos, equipos de audio, entre otros.<\/p>\n<p>Carmen Perez Ariztia Oriente 1 \u201cla junta de vecinos siempre tenemos una alta concurrencia. Por ello postulamos a un proyecto de implementaci\u00f3n. Mesas y sillas que nos permitir\u00e1n albergar nuestras reuniones. Estamos muy agradecidos del Gobierno por este beneficio que hemos logrado hoy\u201d.<\/p>\n<p>Estas agrupaciones reciben los recursos que postularon, a trav\u00e9s de su gesti\u00f3n directa y tambi\u00e9n a trav\u00e9s de la gesti\u00f3n de apoyo y orientaci\u00f3n de la Gobernaci\u00f3n provincial de Limar\u00ed. Es por ello que el Gobernador de Limar\u00ed, Iv\u00e1n Espinoza indic\u00f3 \u201cquisiera destacar el trabajo conjunto que se ha realizado por parte de dirigentes sociales, funcionarios de Gobierno Regional y la Gobernaci\u00f3n de Limar\u00ed.\u00a0 El proceso de postulaci\u00f3n para poder llegar a este resultado ha sido un trabajo constante de mucha dedicaci\u00f3n, con orientaciones y capacitaciones a las organizaciones. Estamos felices como Gobierno con el \u00e9xito en la adjudicaci\u00f3n de estos fondos\u201d.<\/p>\n<p>H\u00e9ctor Vega Campusano, alcalde (s) de Ovalle, indic\u00f3 que \u201cestamos muy felices con esta adjudicaci\u00f3n de proyectos, ya que va directamente en la l\u00ednea de trabajo que como municipio hemos venido desarrollando, que es generar mejores condiciones de desarrollo para las agrupaciones sociales de la comuna, entreg\u00e1ndoles implementaci\u00f3n para sus sedes, equipamiento deportivo e insumos, lo que les permite llevar a cabo de mejor modo su importante labor\u201d.<\/p>\n<p>El Fondo Social presidente de la Rep\u00fablica permite a<strong>\u00a0<\/strong><strong>organismos p<\/strong><strong>\u00fa<\/strong><strong>blicos o privados sin fines de lucro<\/strong>\u00a0financiar proyectos sociales de\u00a0<strong>equipamiento o infraestructura<\/strong>\u00a0que apoyen y complementen las pol\u00edticas de inversi\u00f3n social del Estado.\u00a0Estos proyectos deber\u00e1n estar preferentemente orientados a construir tejido social, esto es la acci\u00f3n coordinada de un grupo de personas para solucionar determinadas necesidades; potenciar la participaci\u00f3n ciudadana y contribuir a superar la vulnerabilidad social de una comunidad u organizaci\u00f3n determinada.<\/p>\n<p>&nbsp;<\/p>\n","protected":false},"excerpt":{"rendered":"<p>Fondo de Ministerio del Interior financia equipamiento, implementaci\u00f3n e infraestructura comunitaria.<\/p>\n","protected":false},"author":2,"featured_media":4126,"comment_status":"open","ping_status":"open","sticky":false,"template":"","format":"standard","meta":{"footnotes":""},"categories":[5],"tags":[],"class_list":["post-4125","post","type-post","status-publish","format-standard","has-post-thumbnail","hentry","category-actualidad-limarina"],"_links":{"self":[{"href":"https:\/\/www.radiolimari.cl\/index.php?rest_route=\/wp\/v2\/posts\/4125","targetHints":{"allow":["GET"]}}],"collection":[{"href":"https:\/\/www.radiolimari.cl\/index.php?rest_route=\/wp\/v2\/posts"}],"about":[{"href":"https:\/\/www.radiolimari.cl\/index.php?rest_route=\/wp\/v2\/types\/post"}],"author":[{"embeddable":true,"href":"https:\/\/www.radiolimari.cl\/index.php?rest_route=\/wp\/v2\/users\/2"}],"replies":[{"embeddable":true,"href":"https:\/\/www.radiolimari.cl\/index.php?rest_route=%2Fwp%2Fv2%2Fcomments&post=4125"}],"version-history":[{"count":1,"href":"https:\/\/www.radiolimari.cl\/index.php?rest_route=\/wp\/v2\/posts\/4125\/revisions"}],"predecessor-version":[{"id":4127,"href":"https:\/\/www.radiolimari.cl\/index.php?rest_route=\/wp\/v2\/posts\/4125\/revisions\/4127"}],"wp:featuredmedia":[{"embeddable":true,"href":"https:\/\/www.radiolimari.cl\/index.php?rest_route=\/wp\/v2\/media\/4126"}],"wp:attachment":[{"href":"https:\/\/www.radiolimari.cl\/index.php?rest_route=%2Fwp%2Fv2%2Fmedia&parent=4125"}],"wp:term":[{"taxonomy":"category","embeddable":true,"href":"https:\/\/www.radiolimari.cl\/index.php?rest_route=%2Fwp%2Fv2%2Fcategories&post=4125"},{"taxonomy":"post_tag","embeddable":true,"href":"https:\/\/www.radiolimari.cl\/index.php?rest_route=%2Fwp%2Fv2%2Ftags&post=4125"}],"curies":[{"name":"wp","href":"https:\/\/api.w.org\/{rel}","templated":true}]}}