{"id":4105,"date":"2020-11-12T15:02:30","date_gmt":"2020-11-12T15:02:30","guid":{"rendered":"http:\/\/www.radiolimari.cl\/?p=4105"},"modified":"2020-11-12T15:02:30","modified_gmt":"2020-11-12T15:02:30","slug":"en-punitaqui-ministerio-de-la-mujer-y-sernameg-anuncian-iniciativa-para-apoyar-integracion-laboral-femenina","status":"publish","type":"post","link":"https:\/\/www.radiolimari.cl\/?p=4105","title":{"rendered":"EN PUNITAQUI MINISTERIO DE LA MUJER Y SERNAMEG ANUNCIAN INICIATIVA PARA APOYAR INTEGRACI\u00d3N LABORAL FEMENINA"},"content":{"rendered":"<p><a href=\"https:\/\/www.radiolimari.cl\/wp-content\/uploads\/2020\/11\/12.11-sernameg-autoridades-revisan-sala-donde-estaran-ni\u00f1os.jpg\"><img fetchpriority=\"high\" decoding=\"async\" class=\"alignnone size-medium wp-image-4106\" src=\"https:\/\/www.radiolimari.cl\/wp-content\/uploads\/2020\/11\/12.11-sernameg-autoridades-revisan-sala-donde-estaran-ni\u00f1os-300x225.jpg\" alt=\"12.11 sernameg autoridades revisan sala donde estaran ni\u00f1os\" width=\"300\" height=\"225\" srcset=\"https:\/\/www.radiolimari.cl\/wp-content\/uploads\/2020\/11\/12.11-sernameg-autoridades-revisan-sala-donde-estaran-ni\u00f1os-300x225.jpg 300w, https:\/\/www.radiolimari.cl\/wp-content\/uploads\/2020\/11\/12.11-sernameg-autoridades-revisan-sala-donde-estaran-ni\u00f1os-1024x768.jpg 1024w\" sizes=\"(max-width: 300px) 100vw, 300px\" \/><\/a><\/p>\n<p><em>Se estableci\u00f3 la Escuela B\u00e9lgica para el cuidado y la atenci\u00f3n de ni\u00f1as y ni\u00f1os en coordinaci\u00f3n con Junaeb y con municipio el municipio local<\/em><!--more--><\/p>\n<p>Como parte de la reactivaci\u00f3n econ\u00f3mica impulsada por el Gobierno del Presidente Sebasti\u00e1n Pi\u00f1era y el plan Paso a Paso Chile se Recupera, el Ministerio de la Mujer y la Equidad de G\u00e9nero a trav\u00e9s de SernamEG anunci\u00f3 que se redestinar\u00e1n recursos del Programa \u201c4 a 7\u201d para que se implementen 90 colegios en todo el pa\u00eds, para apoyar con el cuidado de ni\u00f1as y ni\u00f1os y as\u00ed las mujeres a su cargo puedan retomar sus actividades laborales.<\/p>\n<p>Esta iniciativa de espacios para cuidado de ni\u00f1os y ni\u00f1as s\u00f3lo dos comunas de la regi\u00f3n se lo adjudicaron. Una es Punitaqui y la otra Vicu\u00f1a. Punitaqui tiene un cupo de 20 beneficiarias, que podr\u00e1n dejar con profesionales adecuados a sus hijos o hijas mientras ellas trabajan.<\/p>\n<p>La actividad se realiz\u00f3 en la Escuela B\u00e9lgica de Punitaqui \u00a0y fue encabezada por la Seremi de la Mujer y la Equidad de G\u00e9nero, Iv\u00f3n Guerra, y cont\u00f3 con la participaci\u00f3n de la Directora Regional de SernamEG, Mar\u00eda Soledad Rojas, el alcalde, Carlos Araya y madres beneficiarias.<\/p>\n<p>Seg\u00fan cifras del Instituto Nacional de Estad\u00edsticas, de las 900 mil mujeres que dejaron de trabajar en los \u00faltimos 12 meses por la pandemia, el 79,1% se encuentran inactiva, es decir, no est\u00e1n trabajando ni buscando empleo y s\u00f3lo el 20,9% est\u00e1 buscando trabajo. Esto podr\u00eda tener directa relaci\u00f3n con las labores de cuidado que muchas est\u00e1n realizando, debido al cierre de colegios y jardines infantiles producto de la crisis sanitaria.<\/p>\n<p>Ante esto, la Seremi de la Mujer y la Equidad de G\u00e9nero, Iv\u00f3n Guerra expres\u00f3, <strong>\u201ces indispensable que las mujeres vuelvan a incorporarse al mundo laboral. Sabemos que eso beneficia el crecimiento econ\u00f3mico del pa\u00eds y estamos apoyando este retorno implementando estos lugares donde las ni\u00f1as y los ni\u00f1os estar\u00e1n seguros y protegidos. Pero tenemos la convicci\u00f3n de que esta medida transitoria no basta para la plena incorporaci\u00f3n de las mujeres al trabajo, deben reabrirse los colegios y los jardines infantiles, porque as\u00ed miles de mujeres que no est\u00e1n trabajando ni buscando empleo podr\u00e1n hacerlo nuevamente.\u201d <\/strong><\/p>\n<p>Ser\u00e1n 90 colegios de 76 comunas de todo el pa\u00eds, que permitir\u00e1n a mujeres mayores de 18 a\u00f1os, econ\u00f3micamente activas, contar con un lugar seguro y protegido donde dejar a sus hijas e hijos, de entre los 6 y 13 a\u00f1os, mientras ellas trabajan. Habr\u00e1 cupo para cerca de mil 800 menores.<\/p>\n<p>&nbsp;<\/p>\n<p>Una de las madres beneficiarias es Estefan\u00eda Robles. Ella tiene dos hijos en este nuevo programa. Estefan\u00eda valor\u00f3 el programa que le permitir\u00e1 buscar trabajo tranquila, <strong>\u201ceste programa ayuda harto, tengo apoyo con las t\u00edas, aqu\u00ed los ni\u00f1os llegan a la casa con las tareas hechas y me sirve harto porque quedo tranquila, adem\u00e1s les ense\u00f1an muchas cosas, como tejer\u00a0 y me lo cuidan bien. Hay mam\u00e1s que necesitamos este programa porque trabajamos lejos y las personas que los cuidan son de confianza\u201d<\/strong><\/p>\n<p>&nbsp;<\/p>\n<p>Por su parte, la Directora Regional de SernamEG, Mar\u00eda Soledad Rojas agreg\u00f3,<strong> \u00abla implementaci\u00f3n de esta iniciativa es una prueba del compromiso que SernamEG tiene con las mujeres trabajadoras, para que puedan retomar su vida laboral y, al mismo tiempo, tener la tranquilidad de que sus hijas e hijos van a tener el cuidado y el apoyo que necesitan\u00bb.<\/strong><\/p>\n<p>El alcalde de Punitaqui, Carlos Araya agradeci\u00f3 el compromiso del Ministerio de la Mujer y se\u00f1al\u00f3 la importancia de reactivar la econ\u00f3mica local,<strong> \u201csabemos que estamos viviendo tiempos dif\u00edciles, por lo mismo para esta administraci\u00f3n era muy relevante que este programa se quedara en Punitaqui porque necesitamos reactivar la econom\u00eda y los empleos, sobre todo los femeninos. La pandemia ha sido dura y necesitamos fortalecer las pol\u00edticas p\u00fablicas para mitigar los efectos de la crisis sanitaria y que las mujeres e Punitaqui puedan trabajar tranquilas ya que tendr\u00e1n un espacio adecuado para el cuidado de sus hijos\u201d<\/strong><\/p>\n<p>El equipo para atender a los menores estar\u00e1 compuesto por 3 monitoras y 1 auxiliar para la sanitizaci\u00f3n de los espacios ocupados. El horario de funcionamiento de este sistema de cuidados se adaptar\u00e1 a la realidad local de cada comuna y regi\u00f3n: comenzando a las 08:00 y hasta las 18:30 hrs. Cada una estar\u00e1 disponible para un total de 20 ni\u00f1as y ni\u00f1os, quienes estar\u00e1n divididos en grupos respetando el distanciamiento f\u00edsico y las medidas sanitarias correspondientes. La alimentaci\u00f3n (desayuno, almuerzo y once) ser\u00e1 entregada por la Junta Nacional de Auxilio Escolar y Becas (Junaeb).<\/p>\n<p>&nbsp;<\/p>\n","protected":false},"excerpt":{"rendered":"<p>Se estableci\u00f3 la Escuela B\u00e9lgica para el cuidado y la atenci\u00f3n de ni\u00f1as y ni\u00f1os en coordinaci\u00f3n con Junaeb y con municipio el municipio local<\/p>\n","protected":false},"author":2,"featured_media":4106,"comment_status":"open","ping_status":"open","sticky":false,"template":"","format":"standard","meta":{"footnotes":""},"categories":[5],"tags":[],"class_list":["post-4105","post","type-post","status-publish","format-standard","has-post-thumbnail","hentry","category-actualidad-limarina"],"_links":{"self":[{"href":"https:\/\/www.radiolimari.cl\/index.php?rest_route=\/wp\/v2\/posts\/4105","targetHints":{"allow":["GET"]}}],"collection":[{"href":"https:\/\/www.radiolimari.cl\/index.php?rest_route=\/wp\/v2\/posts"}],"about":[{"href":"https:\/\/www.radiolimari.cl\/index.php?rest_route=\/wp\/v2\/types\/post"}],"author":[{"embeddable":true,"href":"https:\/\/www.radiolimari.cl\/index.php?rest_route=\/wp\/v2\/users\/2"}],"replies":[{"embeddable":true,"href":"https:\/\/www.radiolimari.cl\/index.php?rest_route=%2Fwp%2Fv2%2Fcomments&post=4105"}],"version-history":[{"count":1,"href":"https:\/\/www.radiolimari.cl\/index.php?rest_route=\/wp\/v2\/posts\/4105\/revisions"}],"predecessor-version":[{"id":4107,"href":"https:\/\/www.radiolimari.cl\/index.php?rest_route=\/wp\/v2\/posts\/4105\/revisions\/4107"}],"wp:featuredmedia":[{"embeddable":true,"href":"https:\/\/www.radiolimari.cl\/index.php?rest_route=\/wp\/v2\/media\/4106"}],"wp:attachment":[{"href":"https:\/\/www.radiolimari.cl\/index.php?rest_route=%2Fwp%2Fv2%2Fmedia&parent=4105"}],"wp:term":[{"taxonomy":"category","embeddable":true,"href":"https:\/\/www.radiolimari.cl\/index.php?rest_route=%2Fwp%2Fv2%2Fcategories&post=4105"},{"taxonomy":"post_tag","embeddable":true,"href":"https:\/\/www.radiolimari.cl\/index.php?rest_route=%2Fwp%2Fv2%2Ftags&post=4105"}],"curies":[{"name":"wp","href":"https:\/\/api.w.org\/{rel}","templated":true}]}}