{"id":4086,"date":"2020-11-10T14:41:05","date_gmt":"2020-11-10T14:41:05","guid":{"rendered":"http:\/\/www.radiolimari.cl\/?p=4086"},"modified":"2020-11-10T14:41:05","modified_gmt":"2020-11-10T14:41:05","slug":"seremi-de-la-mujer-de-la-region-de-coquimbo-destaca-nueva-ley-del-dia-nacional-contra-el-femicidio","status":"publish","type":"post","link":"https:\/\/www.radiolimari.cl\/?p=4086","title":{"rendered":"Seremi de la Mujer de la Regi\u00f3n de Coquimbo, destaca nueva Ley del D\u00eda Nacional Contra el Femicidio"},"content":{"rendered":"<p><a href=\"https:\/\/www.radiolimari.cl\/wp-content\/uploads\/2020\/11\/10.11-seremi-sernameg.jpg\"><img fetchpriority=\"high\" decoding=\"async\" class=\"alignnone size-medium wp-image-4087\" src=\"https:\/\/www.radiolimari.cl\/wp-content\/uploads\/2020\/11\/10.11-seremi-sernameg-300x225.jpg\" alt=\"10.11 seremi sernameg\" width=\"300\" height=\"225\" srcset=\"https:\/\/www.radiolimari.cl\/wp-content\/uploads\/2020\/11\/10.11-seremi-sernameg-300x225.jpg 300w, https:\/\/www.radiolimari.cl\/wp-content\/uploads\/2020\/11\/10.11-seremi-sernameg-1024x768.jpg 1024w\" sizes=\"(max-width: 300px) 100vw, 300px\" \/><\/a><\/p>\n<p><em>Esta nueva ley fue publicada hoy en el Diario Oficial, se\u00f1ala que todos los 19 de diciembre se conmemorar\u00e1 el D\u00eda Nacional Contra el Femicidio<\/em><!--more--><\/p>\n<p>Durante esta jornada fue publicado en el Diario Oficial la nueva Ley que establece el 19 de diciembre como D\u00eda Nacional Contra el Femicidio. Esta iniciativa fue presentada el 2018 en el Congreso y la fecha conmemorativa se debe al recuerdo de Javiera Neira Oportus, una ni\u00f1a de 6 a\u00f1os que en 2005 fue asesinada por su padre.<\/p>\n<p>La nueva Ley en su Art\u00edculo 1 se\u00f1ala que, \u201cEsta ley tiene por objeto conmemorar el d\u00eda 19 de diciembre de cada a\u00f1o como el D\u00eda Nacional Contra el Femicidio, con la finalidad de visibilizar este delito como la forma m\u00e1s extrema de violencia contra las mujeres, y de dignificar la memoria de quienes han sido v\u00edctimas de femicidio, reconociendo a su vez el aporte del movimiento feminista en la erradicaci\u00f3n de la violencia contra las mujeres en nuestro pa\u00eds\u201d.<\/p>\n<p>La Seremi de la Mujer y la Equidad de G\u00e9nero, Iv\u00f3n Guerra destac\u00f3 esta nueva Ley y se\u00f1al\u00f3 que busca fortalecer los cambios culturales en el pa\u00eds, \u201cesto es un avance trascendental y simb\u00f3lico para la erradicaci\u00f3n de la violencia de g\u00e9nero y generar cambios culturales relevantes que permitan tener un pa\u00eds m\u00e1s justo, con equidad e igualitario. No queremos m\u00e1s femicidios ni mujeres maltratadas. Tal como lo dijo nuestra Ministra valoro que todos los sectores pol\u00edticos hayan aprobado esta iniciativa y tengamos claro que la erradicaci\u00f3n de la violencia es tarea de todos y todas\u201d, explic\u00f3.<\/p>\n<p>Con esta Ley los establecimientos educacionales, las organizaciones sociales y de la sociedad civil podr\u00e1n realizar actos y\/o actividades conmemorativas en esta fecha, \u201cayudar\u00e1 a que todos, incluyendo la sociedad civil contribuyamos a prevenir y erradicar toda violencia contra las mujeres y como una forma de reparaci\u00f3n digna para quienes han sido v\u00edctimas de femicidio\u201d, cerr\u00f3 la seremi, Iv\u00f3n Guerra.<\/p>\n","protected":false},"excerpt":{"rendered":"<p>Esta nueva ley fue publicada hoy en el Diario Oficial, se\u00f1ala que todos los 19 de diciembre se conmemorar\u00e1 el D\u00eda Nacional Contra el Femicidio<\/p>\n","protected":false},"author":2,"featured_media":4087,"comment_status":"open","ping_status":"open","sticky":false,"template":"","format":"standard","meta":{"footnotes":""},"categories":[6],"tags":[],"class_list":["post-4086","post","type-post","status-publish","format-standard","has-post-thumbnail","hentry","category-regionales"],"_links":{"self":[{"href":"https:\/\/www.radiolimari.cl\/index.php?rest_route=\/wp\/v2\/posts\/4086","targetHints":{"allow":["GET"]}}],"collection":[{"href":"https:\/\/www.radiolimari.cl\/index.php?rest_route=\/wp\/v2\/posts"}],"about":[{"href":"https:\/\/www.radiolimari.cl\/index.php?rest_route=\/wp\/v2\/types\/post"}],"author":[{"embeddable":true,"href":"https:\/\/www.radiolimari.cl\/index.php?rest_route=\/wp\/v2\/users\/2"}],"replies":[{"embeddable":true,"href":"https:\/\/www.radiolimari.cl\/index.php?rest_route=%2Fwp%2Fv2%2Fcomments&post=4086"}],"version-history":[{"count":1,"href":"https:\/\/www.radiolimari.cl\/index.php?rest_route=\/wp\/v2\/posts\/4086\/revisions"}],"predecessor-version":[{"id":4088,"href":"https:\/\/www.radiolimari.cl\/index.php?rest_route=\/wp\/v2\/posts\/4086\/revisions\/4088"}],"wp:featuredmedia":[{"embeddable":true,"href":"https:\/\/www.radiolimari.cl\/index.php?rest_route=\/wp\/v2\/media\/4087"}],"wp:attachment":[{"href":"https:\/\/www.radiolimari.cl\/index.php?rest_route=%2Fwp%2Fv2%2Fmedia&parent=4086"}],"wp:term":[{"taxonomy":"category","embeddable":true,"href":"https:\/\/www.radiolimari.cl\/index.php?rest_route=%2Fwp%2Fv2%2Fcategories&post=4086"},{"taxonomy":"post_tag","embeddable":true,"href":"https:\/\/www.radiolimari.cl\/index.php?rest_route=%2Fwp%2Fv2%2Ftags&post=4086"}],"curies":[{"name":"wp","href":"https:\/\/api.w.org\/{rel}","templated":true}]}}