{"id":4083,"date":"2020-11-10T14:01:48","date_gmt":"2020-11-10T14:01:48","guid":{"rendered":"http:\/\/www.radiolimari.cl\/?p=4083"},"modified":"2020-11-10T14:01:48","modified_gmt":"2020-11-10T14:01:48","slug":"intendente-de-la-region-de-coquimbo-pablo-herman-afianza-relacion-con-los-alcaldes-y-profundiza-trabajo-por-comuna","status":"publish","type":"post","link":"https:\/\/www.radiolimari.cl\/?p=4083","title":{"rendered":"Intendente de la Regi\u00f3n de Coquimbo, Pablo Herman afianza relaci\u00f3n con los alcaldes y profundiza trabajo por comuna"},"content":{"rendered":"<p><a href=\"https:\/\/www.radiolimari.cl\/wp-content\/uploads\/2020\/11\/10.11-intendente-con-alcaldes.jpg\"><img fetchpriority=\"high\" decoding=\"async\" class=\"alignnone size-medium wp-image-4084\" src=\"https:\/\/www.radiolimari.cl\/wp-content\/uploads\/2020\/11\/10.11-intendente-con-alcaldes-300x225.jpg\" alt=\"10.11 intendente con alcaldes\" width=\"300\" height=\"225\" srcset=\"https:\/\/www.radiolimari.cl\/wp-content\/uploads\/2020\/11\/10.11-intendente-con-alcaldes-300x225.jpg 300w, https:\/\/www.radiolimari.cl\/wp-content\/uploads\/2020\/11\/10.11-intendente-con-alcaldes-1024x768.jpg 1024w, https:\/\/www.radiolimari.cl\/wp-content\/uploads\/2020\/11\/10.11-intendente-con-alcaldes.jpg 1280w\" sizes=\"(max-width: 300px) 100vw, 300px\" \/><\/a><\/p>\n<p><strong>En reuni\u00f3n por videoconferencia, se abordaron los principales temas que preocupan a cada uno de los territorios, especialmente, en materia de sequ\u00eda, pandemia y veranadas<\/strong><!--more--><\/p>\n<p>Quince comunas con amplia dispersi\u00f3n territorial componen a la Regi\u00f3n de Coquimbo. Sin embargo, las preocupaciones y principales necesidades a lo largo del territorio se repiten, sobre todo, en tiempos marcados por una pandemia que profundiza un complejo escenario en materia h\u00eddrica y de generaci\u00f3n de empleo.<\/p>\n<p>Justamente, la escasez h\u00eddrica, coordinaciones para abordar la actividad tur\u00edstica en tiempos de emergencia sanitaria y las veranadas fueron algunos de los temas m\u00e1s remarcados por los alcaldes en una reuni\u00f3n v\u00eda videoconferencia sostenida con el Intendente Pablo Herman.<\/p>\n<p>\u201c<strong>Como Gobierno del Presidente Sebasti\u00e1n Pi\u00f1era hemos destacado, desde un principio, que la comunicaci\u00f3n con todos los actores es fundamental para el desarrollo regional, y por ello es que la coordinaci\u00f3n con los alcaldes es clave, porque as\u00ed podemos abordar las principales problem\u00e1ticas de la zona y avanzar hacia una mejor calidad de vida para todos. Hoy sostuvimos una primera reuni\u00f3n grupal, para rearmar el panorama, ver las problem\u00e1ticas m\u00e1s urgentes y as\u00ed retomar, y profundizar, el trabajo comuna por comuna. Sabemos que son muchos los desaf\u00edos, pero es importante priorizar para ir avanzando en conjunto\u201d<\/strong>, dijo el Intendente Herman tras el encuentro, dijo el Intendente Herman tras el encuentro.<\/p>\n<p>Una reuni\u00f3n que fue destacada por los alcaldes como un espacio de presentaci\u00f3n, en que entregaron el apoyo a la gesti\u00f3n y pusieron, adem\u00e1s, a disposici\u00f3n sus voluntades de trabajo coordinado para avanzar en las principales tem\u00e1ticas.<\/p>\n<p>Al respecto, el Alcalde de Vicu\u00f1a, Rafael Vera, quien adem\u00e1s preside la Asociaci\u00f3n de Municipios de la Regi\u00f3n de Coquimbo, se\u00f1al\u00f3 que <strong>\u201cvaloramos que se brinden estos espacios de conversaci\u00f3n franca y directa con la primera autoridad regional. Nosotros propusimos que junto con esta instancia, de car\u00e1cter de presentaci\u00f3n y buenas intenciones, nos podamos reunir la pr\u00f3xima semana y de forma individual por cada municipio. Para esto, el Intendente nos indicar\u00e1 los horarios y nos pidi\u00f3 definir qu\u00e9 profesionales nos acompa\u00f1ar\u00e1n en cada caso, con el fin de abordar y cerrar los distintos temas planteados\u201d.<\/strong><\/p>\n<p>En la misma l\u00ednea, el alcalde de Ovalle, Claudio Renter\u00eda, agreg\u00f3 que <strong>\u201ces muy importante que mantengamos una comunicaci\u00f3n constante y fluida y de esta manera ir abordando diversas situaciones y necesidades de las distintas comunas\u201d.<\/strong> Asimismo, sostuvo que <strong>\u201ccomo alcalde me interesa mucho poder reunirnos prontamente con el intendente para evaluar proyectos e iniciativas comunales que requieren priorizaci\u00f3n por parte del Gobierno Regional, por lo que espero que estos espacios de trabajo se mantengan en el tiempo\u201d.<\/strong><\/p>\n<p>Respecto al manejo de la pandemia, se plante\u00f3 la iniciativa de iniciar un trabajo en comisiones provinciales, incluyendo a los jefes comunales y sus equipos t\u00e9cnicos, con el objetivo de no retroceder en el control del covid-19.<\/p>\n","protected":false},"excerpt":{"rendered":"<p>En reuni\u00f3n por videoconferencia, se abordaron los principales temas que preocupan a cada uno de los territorios, especialmente, en materia de sequ\u00eda, pandemia y veranadas<\/p>\n","protected":false},"author":2,"featured_media":4084,"comment_status":"open","ping_status":"open","sticky":false,"template":"","format":"standard","meta":{"footnotes":""},"categories":[3],"tags":[],"class_list":["post-4083","post","type-post","status-publish","format-standard","has-post-thumbnail","hentry","category-actualidad"],"_links":{"self":[{"href":"https:\/\/www.radiolimari.cl\/index.php?rest_route=\/wp\/v2\/posts\/4083","targetHints":{"allow":["GET"]}}],"collection":[{"href":"https:\/\/www.radiolimari.cl\/index.php?rest_route=\/wp\/v2\/posts"}],"about":[{"href":"https:\/\/www.radiolimari.cl\/index.php?rest_route=\/wp\/v2\/types\/post"}],"author":[{"embeddable":true,"href":"https:\/\/www.radiolimari.cl\/index.php?rest_route=\/wp\/v2\/users\/2"}],"replies":[{"embeddable":true,"href":"https:\/\/www.radiolimari.cl\/index.php?rest_route=%2Fwp%2Fv2%2Fcomments&post=4083"}],"version-history":[{"count":1,"href":"https:\/\/www.radiolimari.cl\/index.php?rest_route=\/wp\/v2\/posts\/4083\/revisions"}],"predecessor-version":[{"id":4085,"href":"https:\/\/www.radiolimari.cl\/index.php?rest_route=\/wp\/v2\/posts\/4083\/revisions\/4085"}],"wp:featuredmedia":[{"embeddable":true,"href":"https:\/\/www.radiolimari.cl\/index.php?rest_route=\/wp\/v2\/media\/4084"}],"wp:attachment":[{"href":"https:\/\/www.radiolimari.cl\/index.php?rest_route=%2Fwp%2Fv2%2Fmedia&parent=4083"}],"wp:term":[{"taxonomy":"category","embeddable":true,"href":"https:\/\/www.radiolimari.cl\/index.php?rest_route=%2Fwp%2Fv2%2Fcategories&post=4083"},{"taxonomy":"post_tag","embeddable":true,"href":"https:\/\/www.radiolimari.cl\/index.php?rest_route=%2Fwp%2Fv2%2Ftags&post=4083"}],"curies":[{"name":"wp","href":"https:\/\/api.w.org\/{rel}","templated":true}]}}