{"id":4080,"date":"2020-11-10T13:45:35","date_gmt":"2020-11-10T13:45:35","guid":{"rendered":"http:\/\/www.radiolimari.cl\/?p=4080"},"modified":"2020-11-10T13:45:35","modified_gmt":"2020-11-10T13:45:35","slug":"gobernacion-de-choapa-potenciara-el-turismo-de-su-provincia-a-traves-de-trabajo-audiovisual","status":"publish","type":"post","link":"https:\/\/www.radiolimari.cl\/?p=4080","title":{"rendered":"Gobernaci\u00f3n de Choapa potenciar\u00e1 el turismo de su provincia a trav\u00e9s de trabajo audiovisual"},"content":{"rendered":"<p><a href=\"https:\/\/www.radiolimari.cl\/wp-content\/uploads\/2020\/11\/10.11-TURISMO-EN-CHOAPA-1.jpeg\"><img fetchpriority=\"high\" decoding=\"async\" class=\"alignnone size-medium wp-image-4081\" src=\"https:\/\/www.radiolimari.cl\/wp-content\/uploads\/2020\/11\/10.11-TURISMO-EN-CHOAPA-1-300x199.jpeg\" alt=\"10.11 TURISMO EN CHOAPA (1)\" width=\"300\" height=\"199\" srcset=\"https:\/\/www.radiolimari.cl\/wp-content\/uploads\/2020\/11\/10.11-TURISMO-EN-CHOAPA-1-300x199.jpeg 300w, https:\/\/www.radiolimari.cl\/wp-content\/uploads\/2020\/11\/10.11-TURISMO-EN-CHOAPA-1-1024x682.jpeg 1024w, https:\/\/www.radiolimari.cl\/wp-content\/uploads\/2020\/11\/10.11-TURISMO-EN-CHOAPA-1.jpeg 1280w\" sizes=\"(max-width: 300px) 100vw, 300px\" \/><\/a><\/p>\n<p><strong><em>Mediante peque\u00f1os clips de video, que se podr\u00e1n ver por las redes sociales de Gobernaci\u00f3n Provincial de Choapa, la instituci\u00f3n quiere dar a conocer los m\u00faltiples atractivos que presenta la zona, que abarca, humedales, caletas, playas y valles, entre otros.\u00a0\u00a0 \u00a0<\/em><\/strong><!--more--><\/p>\n<p>Con la finalidad de potenciar el turismo en la provincia sur de la regi\u00f3n de Coquimbo, y dar a conocer a los propios habitantes de las comunas aleda\u00f1as los atractivos naturales que tiene la zona, es que la Gobernaci\u00f3n de Choapa, comenzar\u00e1 un trabajo audiovisual que recorrer\u00e1 distintos puntos del Choapa junto al gobernador Juan Pablo G\u00e1lvez, para mostrar todo el potencial tur\u00edstico que tienen las comunas de Canela, Illapel, Los Vilos y Salamanca.<\/p>\n<p>Un recorrido que comenz\u00f3 en el cerro santa In\u00e9s, es el que el gobernador Juan Pablo G\u00e1lvez est\u00e1 encabezando en la provincia del Choapa, el cual permitir\u00e1 conocer a trav\u00e9s de las plataformas de redes sociales de la Gobernaci\u00f3n, los atractivos tur\u00edsticos de la zona. <strong>\u201cTal como fue el compromiso, de aqu\u00ed en adelante vamos a ir mostrando mediante c\u00e1psulas, los lugares m\u00e1s tur\u00edsticos y relevantes en el tema ambiental en la provincia de Choapa y partimos por ac\u00e1, por el cerro Santa In\u00e9s que es un lugar que tiene protecci\u00f3n ambiental, es el lugar tur\u00edstico m\u00e1s al sur de la provincia de Choapa y seguiremos con estas c\u00e1psulas durante los meses de noviembre y diciembre\u201d,<\/strong> detall\u00f3 el Gobernador Provincial.<\/p>\n<p>Una instancia, en la que adem\u00e1s se quiere hacer parte a quienes cuidan y conocen los lugares, como grupos medio ambientales, guarda bosques y la comunidad de los sectores, para generar un turismo responsable, como a\u00f1adi\u00f3 G\u00e1lvez Lillo. <strong>\u201cLa idea es esa, ir protegiendo, tratando de hacer mucho turismo, pero que el turismo sea responsable y poder mezclarlo con el tema medio ambiental, es muy importante mostrar lo que tenemos en la provincia de Choapa, hay muchas bellezas que tenemos que sacar a relucir para potenciar la actividad tur\u00edstica dentro de la provincia\u201d.<\/strong><\/p>\n<p>Este hecho se suma a la firma del convenio entre Bienes Nacionales y la Gobernaci\u00f3n de Choapa, que permitir\u00e1 que la Gobernaci\u00f3n administre el programa \u201cHumedales y Caletas\u201d, que define un circuito que recorre distintos hitos de atractivo tur\u00edstico de la provincia de Choapa.<\/p>\n<p>&nbsp;<\/p>\n<p>&nbsp;<\/p>\n<p>&nbsp;<\/p>\n","protected":false},"excerpt":{"rendered":"<p>Mediante peque\u00f1os clips de video, que se podr\u00e1n ver por las redes sociales de Gobernaci\u00f3n Provincial de Choapa, la instituci\u00f3n quiere dar a conocer los m\u00faltiples atractivos que presenta la zona, que abarca, humedales, caletas, playas y valles, entre otros.\u00a0\u00a0 \u00a0<\/p>\n","protected":false},"author":2,"featured_media":4081,"comment_status":"open","ping_status":"open","sticky":false,"template":"","format":"standard","meta":{"footnotes":""},"categories":[6],"tags":[],"class_list":["post-4080","post","type-post","status-publish","format-standard","has-post-thumbnail","hentry","category-regionales"],"_links":{"self":[{"href":"https:\/\/www.radiolimari.cl\/index.php?rest_route=\/wp\/v2\/posts\/4080","targetHints":{"allow":["GET"]}}],"collection":[{"href":"https:\/\/www.radiolimari.cl\/index.php?rest_route=\/wp\/v2\/posts"}],"about":[{"href":"https:\/\/www.radiolimari.cl\/index.php?rest_route=\/wp\/v2\/types\/post"}],"author":[{"embeddable":true,"href":"https:\/\/www.radiolimari.cl\/index.php?rest_route=\/wp\/v2\/users\/2"}],"replies":[{"embeddable":true,"href":"https:\/\/www.radiolimari.cl\/index.php?rest_route=%2Fwp%2Fv2%2Fcomments&post=4080"}],"version-history":[{"count":1,"href":"https:\/\/www.radiolimari.cl\/index.php?rest_route=\/wp\/v2\/posts\/4080\/revisions"}],"predecessor-version":[{"id":4082,"href":"https:\/\/www.radiolimari.cl\/index.php?rest_route=\/wp\/v2\/posts\/4080\/revisions\/4082"}],"wp:featuredmedia":[{"embeddable":true,"href":"https:\/\/www.radiolimari.cl\/index.php?rest_route=\/wp\/v2\/media\/4081"}],"wp:attachment":[{"href":"https:\/\/www.radiolimari.cl\/index.php?rest_route=%2Fwp%2Fv2%2Fmedia&parent=4080"}],"wp:term":[{"taxonomy":"category","embeddable":true,"href":"https:\/\/www.radiolimari.cl\/index.php?rest_route=%2Fwp%2Fv2%2Fcategories&post=4080"},{"taxonomy":"post_tag","embeddable":true,"href":"https:\/\/www.radiolimari.cl\/index.php?rest_route=%2Fwp%2Fv2%2Ftags&post=4080"}],"curies":[{"name":"wp","href":"https:\/\/api.w.org\/{rel}","templated":true}]}}