{"id":4069,"date":"2020-11-09T17:01:54","date_gmt":"2020-11-09T17:01:54","guid":{"rendered":"http:\/\/www.radiolimari.cl\/?p=4069"},"modified":"2020-11-09T17:01:54","modified_gmt":"2020-11-09T17:01:54","slug":"coronavirus-lunes-9-de-noviembre-61-casos-activos-de-covid-se-registran-en-la-region","status":"publish","type":"post","link":"https:\/\/www.radiolimari.cl\/?p=4069","title":{"rendered":"#CoronaVirus, Lunes 9 de Noviembre: 61 casos activos de Covid se registran en la regi\u00f3n"},"content":{"rendered":"<p><a href=\"https:\/\/www.radiolimari.cl\/wp-content\/uploads\/2020\/10\/NOTICIAS-EN-LIMARI-ULTIMA-HORA-CORONA-VIRUS-20.07.2020.jpg\"><img decoding=\"async\" class=\"alignnone size-medium wp-image-3973\" src=\"https:\/\/www.radiolimari.cl\/wp-content\/uploads\/2020\/10\/NOTICIAS-EN-LIMARI-ULTIMA-HORA-CORONA-VIRUS-20.07.2020-300x150.jpg\" alt=\"NOTICIAS EN LIMARI ULTIMA HORA CORONA VIRUS 20.07.2020\" width=\"300\" height=\"150\" srcset=\"https:\/\/www.radiolimari.cl\/wp-content\/uploads\/2020\/10\/NOTICIAS-EN-LIMARI-ULTIMA-HORA-CORONA-VIRUS-20.07.2020-300x150.jpg 300w, https:\/\/www.radiolimari.cl\/wp-content\/uploads\/2020\/10\/NOTICIAS-EN-LIMARI-ULTIMA-HORA-CORONA-VIRUS-20.07.2020-1024x512.jpg 1024w, https:\/\/www.radiolimari.cl\/wp-content\/uploads\/2020\/10\/NOTICIAS-EN-LIMARI-ULTIMA-HORA-CORONA-VIRUS-20.07.2020.jpg 1148w\" sizes=\"(max-width: 300px) 100vw, 300px\" \/><\/a><\/p>\n<ul>\n<li><em><b>En el reporte diario de la Regi\u00f3n\u00a0de Coquimbo, se inform\u00f3 de una persona fallecida y 14 casos nuevos de la enfermedad.<\/b><\/em><\/li>\n<\/ul>\n<p><!--more--><\/p>\n<p>En un nuevo balance sanitario, las autoridades locales destacaron la baja cifra de contagios activos de Covid_19 que registra actualmente la regi\u00f3n de Coquimbo.<\/p>\n<p>&nbsp;<\/p>\n<p>\u201cHoy debemos lamentar el fallecimiento de una persona a causa del Coronavirus, con residencia en la comuna de Ovalle. Adem\u00e1s, informamos 14 casos nuevos de la enfermedad, de los cuales 4 corresponden a Coquimbo, 1 a Vicu\u00f1a, 8 a Ovalle y 1 a Punitaqui. Con esto, llegamos a un total de 12.777 casos acumulados, de los cuales 61 se mantienen con contagio activo\u201d, se\u00f1al\u00f3 el Seremi de Salud, Alejandro Garc\u00eda.<\/p>\n<p>&nbsp;<\/p>\n<p>La Autoridad Sanitaria reiter\u00f3 que, ante cualquier s\u00edntoma del virus, se debe acudir inmediatamente a un centro asistencial para realizarse el examen de PCR. \u201cEstamos realizando operativos masivos y gratuitos en toda la regi\u00f3n, para que se puedan informar por nuestros canales oficiales de los lugares donde estar\u00e1n ubicados y los horarios para poder programarse con tiempo, cumplir todas las medidas sanitarias y realizarse el examen para conocer si es un caso asintom\u00e1tico de Coronavirus\u201d, agreg\u00f3 el Seremi Garc\u00eda.<\/p>\n<p>&nbsp;<\/p>\n<p>Por su parte, el Director (S) del Servicio de Salud Coquimbo, Edgardo Gonz\u00e1lez, se refiri\u00f3 al n\u00famero de camas disponibles actualmente en la Regi\u00f3n de Coquimbo. \u201cNuestra Red Asistencial cuenta con un 72% de ocupaci\u00f3n de camas. Es decir, de las 1.166 de dotaci\u00f3n actual, 311 se encuentran disponibles. En relaci\u00f3n a las camas de las Unidades de Pacientes Cr\u00edticos, podemos mencionar que contamos con 7 camas UCI, que son aquellas que tienen ventiladores mec\u00e1nicos y 12 UTI\u201d, se\u00f1al\u00f3.<\/p>\n<p>&nbsp;<\/p>\n<p>Adem\u00e1s, la autoridad entreg\u00f3 el reporte de pacientes internados en la regi\u00f3n. \u201cQuisiera mencionar que, de las 773 personas hospitalizadas en la Regi\u00f3n de Coquimbo, 20 permanecen internadas producto del Covid_19 y 4 se encuentran graves y conectadas a ventilaci\u00f3n mec\u00e1nica. Adem\u00e1s, 18 personas se encuentran en hospitalizaci\u00f3n domiciliaria producto del Covid\u201d, coment\u00f3.<\/p>\n<p>&nbsp;<\/p>\n<p>Finalmente, el Director (S) entreg\u00f3 el reporte del personal de salud afectado por el virus. \u201cActualmente, 9 funcionarios del Servicio de Salud y de los hospitales han dado positivo al virus, y 26 se encuentran en cuarentena preventiva. Mientras que en la Atenci\u00f3n Primaria de Salud (APS), nuevamente no se reportan funcionarios que hayan dado positivo al virus, y 13 se mantienen en cuarentena\u201d.<\/p>\n<p>&nbsp;<\/p>\n<p><strong>BALANCE REGI\u00d3N DE COQUIMBO<\/strong><\/p>\n<p>&nbsp;<\/p>\n<p><strong>Lunes 09 de Noviembre<\/strong><\/p>\n<p>14 casos nuevos<\/p>\n<p>12.777 casos acumulados<\/p>\n<p>61 casos activos<\/p>\n<p>258 fallecidos<\/p>\n<p>Detalle casos nuevos por comuna:<\/p>\n<ul>\n<li>04 de Coquimbo<\/li>\n<li>01 de Vicu\u00f1a<\/li>\n<li>08 de Ovalle<\/li>\n<li>01 de Punitaqui<\/li>\n<\/ul>\n<p>Hospitalizados: 20 pacientes<\/p>\n<p>Residencias Sanitarias: 52% de ocupaci\u00f3n<\/p>\n","protected":false},"excerpt":{"rendered":"<p>En el reporte diario de la Regi\u00f3n\u00a0de Coquimbo, se inform\u00f3 de una persona fallecida y 14 casos nuevos de la enfermedad.<\/p>\n","protected":false},"author":2,"featured_media":3973,"comment_status":"open","ping_status":"open","sticky":false,"template":"","format":"standard","meta":{"footnotes":""},"categories":[3],"tags":[],"class_list":["post-4069","post","type-post","status-publish","format-standard","has-post-thumbnail","hentry","category-actualidad"],"_links":{"self":[{"href":"https:\/\/www.radiolimari.cl\/index.php?rest_route=\/wp\/v2\/posts\/4069","targetHints":{"allow":["GET"]}}],"collection":[{"href":"https:\/\/www.radiolimari.cl\/index.php?rest_route=\/wp\/v2\/posts"}],"about":[{"href":"https:\/\/www.radiolimari.cl\/index.php?rest_route=\/wp\/v2\/types\/post"}],"author":[{"embeddable":true,"href":"https:\/\/www.radiolimari.cl\/index.php?rest_route=\/wp\/v2\/users\/2"}],"replies":[{"embeddable":true,"href":"https:\/\/www.radiolimari.cl\/index.php?rest_route=%2Fwp%2Fv2%2Fcomments&post=4069"}],"version-history":[{"count":1,"href":"https:\/\/www.radiolimari.cl\/index.php?rest_route=\/wp\/v2\/posts\/4069\/revisions"}],"predecessor-version":[{"id":4070,"href":"https:\/\/www.radiolimari.cl\/index.php?rest_route=\/wp\/v2\/posts\/4069\/revisions\/4070"}],"wp:featuredmedia":[{"embeddable":true,"href":"https:\/\/www.radiolimari.cl\/index.php?rest_route=\/wp\/v2\/media\/3973"}],"wp:attachment":[{"href":"https:\/\/www.radiolimari.cl\/index.php?rest_route=%2Fwp%2Fv2%2Fmedia&parent=4069"}],"wp:term":[{"taxonomy":"category","embeddable":true,"href":"https:\/\/www.radiolimari.cl\/index.php?rest_route=%2Fwp%2Fv2%2Fcategories&post=4069"},{"taxonomy":"post_tag","embeddable":true,"href":"https:\/\/www.radiolimari.cl\/index.php?rest_route=%2Fwp%2Fv2%2Ftags&post=4069"}],"curies":[{"name":"wp","href":"https:\/\/api.w.org\/{rel}","templated":true}]}}