{"id":4058,"date":"2020-11-05T16:06:25","date_gmt":"2020-11-05T16:06:25","guid":{"rendered":"http:\/\/www.radiolimari.cl\/?p=4058"},"modified":"2020-11-05T16:06:25","modified_gmt":"2020-11-05T16:06:25","slug":"mineduc-abre-postulaciones-para-que-establecimientos-adapten-instalaciones-y-prevengan-el-coronavirus","status":"publish","type":"post","link":"https:\/\/www.radiolimari.cl\/?p=4058","title":{"rendered":"Mineduc abre postulaciones para que establecimientos adapten instalaciones y prevengan el Coronavirus"},"content":{"rendered":"<p><a href=\"https:\/\/www.radiolimari.cl\/wp-content\/uploads\/2020\/11\/5.11-educaxcion.jpg\"><img fetchpriority=\"high\" decoding=\"async\" class=\"alignnone size-medium wp-image-4059\" src=\"https:\/\/www.radiolimari.cl\/wp-content\/uploads\/2020\/11\/5.11-educaxcion-300x168.jpg\" alt=\"5.11 educaxcion\" width=\"300\" height=\"168\" srcset=\"https:\/\/www.radiolimari.cl\/wp-content\/uploads\/2020\/11\/5.11-educaxcion-300x168.jpg 300w, https:\/\/www.radiolimari.cl\/wp-content\/uploads\/2020\/11\/5.11-educaxcion-1024x576.jpg 1024w\" sizes=\"(max-width: 300px) 100vw, 300px\" \/><\/a><\/p>\n<p><b style=\"color: #222222;\">El fondo total es de $6 mil millones y la cantidad que se adjudique cada colegio tendr\u00e1 que ir destinada a sanitizaciones, se\u00f1al\u00e9ticas, lavamanos port\u00e1tiles, recambio de ventanas, filtros de aire, entre otros, para que puedan adecuar la infraestructura a las exigencias sanitarias del Covid-19.<\/b><!--more--><\/p>\n<p>La Direcci\u00f3n de Educaci\u00f3n P\u00fablica en conjunto con el Ministerio de Educaci\u00f3n, iniciaron la convocatoria al Plan de Ayuda para el Retorno a Clases \u201cYo conf\u00edo en mi Escuela\u201d, para postular y seleccionar proyectos que permitan realizar intervenciones en infraestructura y adquirir equipamiento que permita adecuar los espacios f\u00edsicos para el retorno seguro a clases de las comunidades educativas, de acuerdo a los requisitos de la autoridad sanitaria, en los establecimientos educacionales cuyos sostenedores son las municipalidades y corporaciones municipales, en el marco del Programa de Fortalecimiento de la educaci\u00f3n Escolar P\u00fablica.<\/p>\n<p>El presente plan tiene por objeto que los sostenedores municipales y presenten proyectos de conservaci\u00f3n que permitan asegurar un retorno seguro a clases suspendidas producto de la emergencia sanitaria.<\/p>\n<p>El seremi de Educaci\u00f3n, Claudio Oyarz\u00fan, invit\u00f3 a los sostenedores de colegios municipales de la regi\u00f3n a postular.<\/p>\n<p>\u201cEl Ministerio de Educaci\u00f3n ha propuesto al pa\u00eds el Plan Abrir las Escuelas Paso a Paso en forma Voluntaria, Segura y Gradual y esta iniciativa va en esa misma l\u00ednea, ya que busca generar condiciones de seguridad sanitaria en los establecimientos educacionales, adecuando los espacios f\u00edsicos para el retorno seguro de los estudiantes, los profesores y asistentes de la educaci\u00f3n\u201d, se\u00f1al\u00f3 la autoridad educacional.<\/p>\n<p><strong>Sobre el uso de los recursos<\/strong><\/p>\n<p>Los recursos est\u00e1n destinados a realizar intervenciones en infraestructura y adquirir equipamiento que permita adecuar los espacios f\u00edsicos para el reintegro a clases de las comunidades educativas de acuerdo con los requerimientos de la autoridad sanitaria. Algunos ejemplos de intervenciones posibles de financiar son sanitizaciones, fumigaci\u00f3n y control de plagas, limpieza de terreno y desmalezado, se\u00f1al\u00e9ticas, separadores, lavamanos port\u00e1tiles, reemplazo de puertas existentes; reemplazo de ventanas, entre otros.<\/p>\n<p>Para efectos de seleccionar los proyectos que resulten t\u00e9cnicamente elegibles se considera un presupuesto total de $6 mil millones, pudiendo aumentar en la medida que se cuente con mayor disponibilidad presupuestaria.<\/p>\n<p>Los sostenedores podr\u00e1n postular a trav\u00e9s de http:\/\/www.inframineducenlinea.cl\/ y los montos financiables ser\u00e1n determinados de acuerdo con el proyecto presentado y la matr\u00edcula de estudiantes del establecimiento.<\/p>\n<p><strong>Etapas y plazos<\/strong><\/p>\n<p>-Periodo de postulaci\u00f3n de proyectos por parte de los postulantes es hasta el 13 de noviembre de 2020.<\/p>\n<p>-Plazo m\u00e1ximo para primer env\u00edo a evaluaci\u00f3n t\u00e9cnica por parte de la SECREDUC. Hasta el 23 de noviembre de 2020.<\/p>\n<p>-Plazo m\u00e1ximo para env\u00edo a evaluaci\u00f3n t\u00e9cnica por parte de la SECREDUC, que asegure revisi\u00f3n por parte de la Direcci\u00f3n. Hasta el 2 de diciembre de 2020.<\/p>\n<p>-Fecha l\u00edmite para la obtenci\u00f3n de la elegibilidad t\u00e9cnica de proyectos postulados. Hasta el 9 de diciembre de 2020 a las 18.00 horas.<\/p>\n<p>-Selecci\u00f3n de proyectos elegibles por parte de la Direcci\u00f3n. Hasta el 10 de diciembre de 2020.<\/p>\n<p>-Elaboraci\u00f3n y Env\u00edo de convenio a los postulantes beneficiados. A partir del 10 de diciembre del 2020.<\/p>\n<table width=\"0\">\n<tbody>\n<tr>\n<td width=\"294\"><strong>ETAPAS DEL PROCESO<\/strong><\/td>\n<td width=\"294\"><strong>PLAZOS<\/strong><\/td>\n<\/tr>\n<tr>\n<td width=\"294\">Lanzamiento de la convocatoria<\/td>\n<td width=\"294\">Viernes 30 de octubre de 2020<\/td>\n<\/tr>\n<tr>\n<td width=\"294\">Per\u00edodo de postulaci\u00f3n de proyectos por parte de los postulantes<\/td>\n<td width=\"294\">Hasta el viernes 20 de noviembre de 2020<\/td>\n<\/tr>\n<tr>\n<td width=\"294\">Plazo m\u00e1ximo para primer env\u00edo a evaluaci\u00f3n t\u00e9cnica por parte de la SECREDUC<\/td>\n<td width=\"294\">Hasta el 30 de noviembre de 2020<\/td>\n<\/tr>\n<tr>\n<td width=\"294\">Plazo m\u00e1ximo para env\u00edo a evaluaci\u00f3n t\u00e9cnica por parte de la SECREDUC, que asegure revisi\u00f3n por parte de la Direcci\u00f3n.<\/td>\n<td width=\"294\">Hasta el 10 de diciembre de 2020<\/td>\n<\/tr>\n<tr>\n<td width=\"294\">Fecha l\u00edmite para la obtenci\u00f3n de la elegibilidad t\u00e9cnica de proyectos postulados<\/td>\n<td width=\"294\">Hasta el 17 de diciembre de 2020 a las 18.00 horas<\/td>\n<\/tr>\n<tr>\n<td width=\"294\">Selecci\u00f3n de proyectos elegibles por parte de la direcci\u00f3n<\/td>\n<td width=\"294\">Hasta el 18 de diciembre de 2020<\/td>\n<\/tr>\n<tr>\n<td width=\"294\">Elaboraci\u00f3n y env\u00edo de convenio a los postulantes beneficiados<\/td>\n<td width=\"294\">A partir del 18 de diciembre de 2020<\/td>\n<\/tr>\n<\/tbody>\n<\/table>\n<p>&nbsp;<\/p>\n","protected":false},"excerpt":{"rendered":"<p>El fondo total es de $6 mil millones y la cantidad que se adjudique cada colegio tendr\u00e1 que ir destinada a sanitizaciones, se\u00f1al\u00e9ticas, lavamanos port\u00e1tiles, recambio de ventanas, filtros de aire, entre otros, para que puedan adecuar la infraestructura a las exigencias sanitarias del Covid-19.<\/p>\n","protected":false},"author":2,"featured_media":4059,"comment_status":"open","ping_status":"open","sticky":false,"template":"","format":"standard","meta":{"footnotes":""},"categories":[3],"tags":[],"class_list":["post-4058","post","type-post","status-publish","format-standard","has-post-thumbnail","hentry","category-actualidad"],"_links":{"self":[{"href":"https:\/\/www.radiolimari.cl\/index.php?rest_route=\/wp\/v2\/posts\/4058","targetHints":{"allow":["GET"]}}],"collection":[{"href":"https:\/\/www.radiolimari.cl\/index.php?rest_route=\/wp\/v2\/posts"}],"about":[{"href":"https:\/\/www.radiolimari.cl\/index.php?rest_route=\/wp\/v2\/types\/post"}],"author":[{"embeddable":true,"href":"https:\/\/www.radiolimari.cl\/index.php?rest_route=\/wp\/v2\/users\/2"}],"replies":[{"embeddable":true,"href":"https:\/\/www.radiolimari.cl\/index.php?rest_route=%2Fwp%2Fv2%2Fcomments&post=4058"}],"version-history":[{"count":1,"href":"https:\/\/www.radiolimari.cl\/index.php?rest_route=\/wp\/v2\/posts\/4058\/revisions"}],"predecessor-version":[{"id":4060,"href":"https:\/\/www.radiolimari.cl\/index.php?rest_route=\/wp\/v2\/posts\/4058\/revisions\/4060"}],"wp:featuredmedia":[{"embeddable":true,"href":"https:\/\/www.radiolimari.cl\/index.php?rest_route=\/wp\/v2\/media\/4059"}],"wp:attachment":[{"href":"https:\/\/www.radiolimari.cl\/index.php?rest_route=%2Fwp%2Fv2%2Fmedia&parent=4058"}],"wp:term":[{"taxonomy":"category","embeddable":true,"href":"https:\/\/www.radiolimari.cl\/index.php?rest_route=%2Fwp%2Fv2%2Fcategories&post=4058"},{"taxonomy":"post_tag","embeddable":true,"href":"https:\/\/www.radiolimari.cl\/index.php?rest_route=%2Fwp%2Fv2%2Ftags&post=4058"}],"curies":[{"name":"wp","href":"https:\/\/api.w.org\/{rel}","templated":true}]}}