{"id":4052,"date":"2020-11-04T18:57:46","date_gmt":"2020-11-04T18:57:46","guid":{"rendered":"http:\/\/www.radiolimari.cl\/?p=4052"},"modified":"2020-11-04T18:57:46","modified_gmt":"2020-11-04T18:57:46","slug":"un-70-de-avance-presenta-la-construccion-del-nuevo-colegio-yungay","status":"publish","type":"post","link":"https:\/\/www.radiolimari.cl\/?p=4052","title":{"rendered":"Un 70% de avance presenta la construcci\u00f3n del nuevo Colegio Yungay"},"content":{"rendered":"<p><a href=\"https:\/\/www.radiolimari.cl\/wp-content\/uploads\/2020\/11\/4.11-Recorrido-obra-Colegio-Yungay.jpg\"><img fetchpriority=\"high\" decoding=\"async\" class=\"alignnone size-medium wp-image-4053\" src=\"https:\/\/www.radiolimari.cl\/wp-content\/uploads\/2020\/11\/4.11-Recorrido-obra-Colegio-Yungay-300x225.jpg\" alt=\"4.11 Recorrido obra Colegio Yungay\" width=\"300\" height=\"225\" srcset=\"https:\/\/www.radiolimari.cl\/wp-content\/uploads\/2020\/11\/4.11-Recorrido-obra-Colegio-Yungay-300x225.jpg 300w, https:\/\/www.radiolimari.cl\/wp-content\/uploads\/2020\/11\/4.11-Recorrido-obra-Colegio-Yungay-1024x768.jpg 1024w\" sizes=\"(max-width: 300px) 100vw, 300px\" \/><\/a><\/p>\n<p><strong><em>La noticia que es ampliamente valorada por toda la comunidad educativa, ya que permitir\u00e1 que los m\u00e1s de noventa estudiantes con necesidades educativas de car\u00e1cter permanente que forman parte de este establecimiento municipal, reciban educaci\u00f3n inclusiva y de calidad.<\/em><\/strong><!--more--><\/p>\n<p>Con una infraestructura que permitir\u00e1 mejorar la calidad de vida y entregar una mejor educaci\u00f3n y atenci\u00f3n a los m\u00e1s de noventa estudiantes que forman parte del Colegio Yungay y sus funcionarios, avanza el proceso de construcci\u00f3n de la nueva infraestructura del establecimiento educativo, un proyecto elaborado por la Secretar\u00eda Comunal de Planificaci\u00f3n (SECPLAN) de la Municipalidad de Ovalle, cuyos profesionales tuvieron a cargo el dise\u00f1o del edificio.<\/p>\n<p>De acuerdo a lo especificado en la ficha t\u00e9cnica del proyecto, \u00e9ste contempla la construcci\u00f3n de una superficie de 4.727 metros cuadrados, de los cuales 1.600 corresponden a un \u00e1rea administrativa, docente, servicios higi\u00e9nicos y comedor. Los 3.611 metros cuadrados restantes ser\u00e1n destinados para salas de p\u00e1rvulo, multicancha, huerto org\u00e1nico y zona recreativa. Adem\u00e1s, el proyecto incluye la compra de equipos y equipamiento para el establecimiento.<\/p>\n<p>El alcalde de Ovalle, Claudio Renter\u00eda, realiz\u00f3 una visita a las obras de reposici\u00f3n, en las que pudo constatar un 70% de avance en la construcci\u00f3n de este establecimiento que imparte ense\u00f1anza a estudiantes con necesidades educativas especiales de car\u00e1cter permanente, quienes podr\u00e1n retomar el trabajo presencial (cuando las condiciones sanitarias lo permitan) en un recinto que considera una serie de especificaciones t\u00e9cnicas que buscan que el proceso educativo de los estudiantes sea amigable e inclusivo.<\/p>\n<p>\u201cComo alcalde me siento muy orgulloso de constatar c\u00f3mo se va materializando este importante proyecto, que era un anhelo muy sentido por parte de la comunidad, y que durante esta administraci\u00f3n se ha concretado\u201d, explic\u00f3 el alcalde de Ovalle Claudio Renter\u00eda Larrondo.<\/p>\n<p>Tras concluir el recorrido por las obras, la autoridad comunal indic\u00f3 que si bien las clases presenciales est\u00e1n suspendidas para este a\u00f1o en la comuna, \u201ccuando las condiciones sanitarias lo permitan, los estudiantes del Colegio Yungay retornar\u00e1n a las aulas en este nuevo edificio que contar\u00e1 con todo lo necesario y nos permitir\u00e1 tambi\u00e9n dar cumplimiento a uno de nuestros sellos de trabajo, como lo es el impartir una educaci\u00f3n municipal inclusiva y de calidad\u201d, indic\u00f3.<\/p>\n<p>La iniciativa fue presentada por el Municipio de Ovalle, obteniendo financiamiento a trav\u00e9s el Fondo Nacional de Desarrollo Regional, por un monto que alcanza los $1.662.375.516.<\/p>\n<p>Durante el periodo de construcci\u00f3n del nuevo recinto educativo, la escuela fue trasladada a las dependencias de la ex Escuela Terra Mater, ubicada frente al terminal de buses de nuestra comuna.<\/p>\n<p>&nbsp;<\/p>\n<p>&nbsp;<\/p>\n<p>&nbsp;<\/p>\n<p>&nbsp;<\/p>\n","protected":false},"excerpt":{"rendered":"<p>La noticia que es ampliamente valorada por toda la comunidad educativa, ya que permitir\u00e1 que los m\u00e1s de noventa estudiantes con necesidades educativas de car\u00e1cter permanente que forman parte de este establecimiento municipal, reciban educaci\u00f3n inclusiva y de calidad.<\/p>\n","protected":false},"author":2,"featured_media":4053,"comment_status":"open","ping_status":"open","sticky":false,"template":"","format":"standard","meta":{"footnotes":""},"categories":[5],"tags":[],"class_list":["post-4052","post","type-post","status-publish","format-standard","has-post-thumbnail","hentry","category-actualidad-limarina"],"_links":{"self":[{"href":"https:\/\/www.radiolimari.cl\/index.php?rest_route=\/wp\/v2\/posts\/4052","targetHints":{"allow":["GET"]}}],"collection":[{"href":"https:\/\/www.radiolimari.cl\/index.php?rest_route=\/wp\/v2\/posts"}],"about":[{"href":"https:\/\/www.radiolimari.cl\/index.php?rest_route=\/wp\/v2\/types\/post"}],"author":[{"embeddable":true,"href":"https:\/\/www.radiolimari.cl\/index.php?rest_route=\/wp\/v2\/users\/2"}],"replies":[{"embeddable":true,"href":"https:\/\/www.radiolimari.cl\/index.php?rest_route=%2Fwp%2Fv2%2Fcomments&post=4052"}],"version-history":[{"count":1,"href":"https:\/\/www.radiolimari.cl\/index.php?rest_route=\/wp\/v2\/posts\/4052\/revisions"}],"predecessor-version":[{"id":4054,"href":"https:\/\/www.radiolimari.cl\/index.php?rest_route=\/wp\/v2\/posts\/4052\/revisions\/4054"}],"wp:featuredmedia":[{"embeddable":true,"href":"https:\/\/www.radiolimari.cl\/index.php?rest_route=\/wp\/v2\/media\/4053"}],"wp:attachment":[{"href":"https:\/\/www.radiolimari.cl\/index.php?rest_route=%2Fwp%2Fv2%2Fmedia&parent=4052"}],"wp:term":[{"taxonomy":"category","embeddable":true,"href":"https:\/\/www.radiolimari.cl\/index.php?rest_route=%2Fwp%2Fv2%2Fcategories&post=4052"},{"taxonomy":"post_tag","embeddable":true,"href":"https:\/\/www.radiolimari.cl\/index.php?rest_route=%2Fwp%2Fv2%2Ftags&post=4052"}],"curies":[{"name":"wp","href":"https:\/\/api.w.org\/{rel}","templated":true}]}}