{"id":4044,"date":"2020-11-03T16:24:39","date_gmt":"2020-11-03T16:24:39","guid":{"rendered":"http:\/\/www.radiolimari.cl\/?p=4044"},"modified":"2020-11-03T16:24:39","modified_gmt":"2020-11-03T16:24:39","slug":"entre-el-11-y-el-15-de-noviembre-se-celebrara-el-festival-de-la-ciencia-coquimbo-2020","status":"publish","type":"post","link":"https:\/\/www.radiolimari.cl\/?p=4044","title":{"rendered":"Entre el 11 y el 15 de noviembre se celebrar\u00e1 el Festival de la Ciencia Coquimbo 2020"},"content":{"rendered":"<p><a href=\"https:\/\/www.radiolimari.cl\/wp-content\/uploads\/2020\/11\/3.11-FECI-2020-1.jpg\"><img fetchpriority=\"high\" decoding=\"async\" class=\"alignnone size-medium wp-image-4045\" src=\"https:\/\/www.radiolimari.cl\/wp-content\/uploads\/2020\/11\/3.11-FECI-2020-1-300x192.jpg\" alt=\"3.11 FECI 2020 (1)\" width=\"300\" height=\"192\" srcset=\"https:\/\/www.radiolimari.cl\/wp-content\/uploads\/2020\/11\/3.11-FECI-2020-1-300x192.jpg 300w, https:\/\/www.radiolimari.cl\/wp-content\/uploads\/2020\/11\/3.11-FECI-2020-1-1024x656.jpg 1024w, https:\/\/www.radiolimari.cl\/wp-content\/uploads\/2020\/11\/3.11-FECI-2020-1.jpg 2014w\" sizes=\"(max-width: 300px) 100vw, 300px\" \/><\/a><\/p>\n<p><strong>Talleres, charlas, exposiciones, presentaciones art\u00edsticas y concursos, ser\u00e1n parte de esta iniciativa impulsada por el Proyecto Explora Coquimbo y la Universidad Cat\u00f3lica del Norte.<\/strong><\/p>\n<p><!--more--><\/p>\n<p>M\u00e1s de 30 iniciativas compondr\u00e1n esta nueva versi\u00f3n del Festival de la Ciencia, FECI 2020, iniciativa que, bajo la consigna \u201c\u00a1Celebremos las ciencias y la curiosidad!\u201d, destaca por realizarse \u00edntegramente de forma virtual, invitando a todos quienes deseen hacerse parte de esta experiencia a participar a trav\u00e9s de las distintas plataformas.<\/p>\n<p>Este evento es desarrollado por la Divisi\u00f3n Ciencia y Sociedad del Ministerio de Ciencia, Tecnolog\u00eda, Conocimiento e Innovaci\u00f3n, y llevada a cabo en la regi\u00f3n por el Proyecto Explora Coquimbo, que es ejecutado por la Universidad Cat\u00f3lica del Norte.<\/p>\n<p>Todas las actividades, que se caracterizan por ser completamente gratuitas y dirigidas a la comunidad en general, ser\u00e1n abiertas al p\u00fablico. Estas, que se desarrollar\u00e1n mediante plataformas como Facebook, Instagram y Youtube, contemplan tem\u00e1ticas como los virus, el reciclaje, nuevas tecnolog\u00edas, rob\u00f3tica, astronom\u00eda y protecci\u00f3n del medioambiente. Los formatos, que van desde talleres, charlas, exposiciones y presentaciones art\u00edsticas, dialogan con la magia, cocina, cuenter\u00eda, m\u00fasica, fotograf\u00eda y artes esc\u00e9nicas.<\/p>\n<p>De este modo, instituciones regionales, como la Universidad de La Serena, Ceduc UCN, CEAZA, CONAF, INIA, ENERSU y CECREA, y agrupaciones art\u00edsticas e individualidades del mundo de las ciencias y artes, dar\u00e1n vida a este festival que busca promover las ciencias, como parte fundamental de nuestras vidas, a toda la comunidad en general<\/p>\n<p>Mat\u00edas Arias, Encargado del Festival de las Ciencias, destaca \u201cla utilizaci\u00f3n de todas las plataformas digitales disponibles para la comunidad, ya que en versiones anteriores de este festival se pod\u00eda concurrir en p\u00fablico y visitar in situ las actividades, pero por temas de pandemia esto se transmut\u00f3 y podemos decirles a todas las personas que participen sin la necesidad de moverse de sus hogares.\u201d<\/p>\n<p>La programaci\u00f3n para cada uno de los cinco d\u00edas en que se desarrollar\u00e1 FECI Coquimbo 2020, ser\u00e1 difundida por las redes sociales oficiales del programa y el sitio web www.explora.cl\/coquimbo.<\/p>\n<p>&nbsp;<\/p>\n","protected":false},"excerpt":{"rendered":"<p>Talleres, charlas, exposiciones, presentaciones art\u00edsticas y concursos, ser\u00e1n parte de esta iniciativa impulsada por el Proyecto Explora Coquimbo y la Universidad Cat\u00f3lica del Norte.<\/p>\n","protected":false},"author":2,"featured_media":4045,"comment_status":"open","ping_status":"open","sticky":false,"template":"","format":"standard","meta":{"footnotes":""},"categories":[3],"tags":[],"class_list":["post-4044","post","type-post","status-publish","format-standard","has-post-thumbnail","hentry","category-actualidad"],"_links":{"self":[{"href":"https:\/\/www.radiolimari.cl\/index.php?rest_route=\/wp\/v2\/posts\/4044","targetHints":{"allow":["GET"]}}],"collection":[{"href":"https:\/\/www.radiolimari.cl\/index.php?rest_route=\/wp\/v2\/posts"}],"about":[{"href":"https:\/\/www.radiolimari.cl\/index.php?rest_route=\/wp\/v2\/types\/post"}],"author":[{"embeddable":true,"href":"https:\/\/www.radiolimari.cl\/index.php?rest_route=\/wp\/v2\/users\/2"}],"replies":[{"embeddable":true,"href":"https:\/\/www.radiolimari.cl\/index.php?rest_route=%2Fwp%2Fv2%2Fcomments&post=4044"}],"version-history":[{"count":1,"href":"https:\/\/www.radiolimari.cl\/index.php?rest_route=\/wp\/v2\/posts\/4044\/revisions"}],"predecessor-version":[{"id":4046,"href":"https:\/\/www.radiolimari.cl\/index.php?rest_route=\/wp\/v2\/posts\/4044\/revisions\/4046"}],"wp:featuredmedia":[{"embeddable":true,"href":"https:\/\/www.radiolimari.cl\/index.php?rest_route=\/wp\/v2\/media\/4045"}],"wp:attachment":[{"href":"https:\/\/www.radiolimari.cl\/index.php?rest_route=%2Fwp%2Fv2%2Fmedia&parent=4044"}],"wp:term":[{"taxonomy":"category","embeddable":true,"href":"https:\/\/www.radiolimari.cl\/index.php?rest_route=%2Fwp%2Fv2%2Fcategories&post=4044"},{"taxonomy":"post_tag","embeddable":true,"href":"https:\/\/www.radiolimari.cl\/index.php?rest_route=%2Fwp%2Fv2%2Ftags&post=4044"}],"curies":[{"name":"wp","href":"https:\/\/api.w.org\/{rel}","templated":true}]}}