{"id":4039,"date":"2020-11-03T15:49:53","date_gmt":"2020-11-03T15:49:53","guid":{"rendered":"http:\/\/www.radiolimari.cl\/?p=4039"},"modified":"2020-11-03T15:49:53","modified_gmt":"2020-11-03T15:49:53","slug":"en-coquimbo-inician-actividades-conmemorativas-por-el-mes-de-la-no-violencia-contra-la-mujer","status":"publish","type":"post","link":"https:\/\/www.radiolimari.cl\/?p=4039","title":{"rendered":"En Coquimbo inician actividades conmemorativas por el mes de la No Violencia Contra la Mujer"},"content":{"rendered":"<p><a href=\"https:\/\/www.radiolimari.cl\/wp-content\/uploads\/2020\/11\/3.11-sernameg.jpg\"><img fetchpriority=\"high\" decoding=\"async\" class=\"alignnone size-medium wp-image-4040\" src=\"https:\/\/www.radiolimari.cl\/wp-content\/uploads\/2020\/11\/3.11-sernameg-300x225.jpg\" alt=\"3.11 sernameg\" width=\"300\" height=\"225\" srcset=\"https:\/\/www.radiolimari.cl\/wp-content\/uploads\/2020\/11\/3.11-sernameg-300x225.jpg 300w, https:\/\/www.radiolimari.cl\/wp-content\/uploads\/2020\/11\/3.11-sernameg-1024x768.jpg 1024w\" sizes=\"(max-width: 300px) 100vw, 300px\" \/><\/a><\/p>\n<p>En el Centro de la Mujer Rayun de Coquimbo se dio el vamos a las actividades conmemorativas regionales por el mes de la NO Violencia contra la Mujer.<!--more--><\/p>\n<p>Hasta all\u00ed\u00a0 lleg\u00f3 la seremi de la Mujer y la Equidad de G\u00e9nero, Iv\u00f3n Guerra, quien junto a la Directora Regional de SernamEG, Mar\u00eda Soledad Rojas, se reunieron con usuarias del Centro, quienes decidieron romper la barrera del silencio y buscar apoyo para salir del c\u00edrculo de la violencia<\/p>\n<p>Durante el encuentro las mujeres comentaron los dif\u00edciles momentos que han vivido por las distintas agresiones sufridas en alg\u00fan periodo de su vida. Asimismo, recalcaron la importancia de perder el miedo, buscar ayuda y denunciar<\/p>\n<p>Una de las participantes, y que fue usuaria del Centro Ray\u00fan es Camila\u00a0 Valenzuela, quien fue atendida por el Centro de la Mujer de Coquimbo. Actualmente ella es egresada del Centro y coment\u00f3 su experiencia, <strong>\u201ces muy importante que se hagan estas cosas, que se hablen estos temas. Mi experiencia fue fundamental en el Centro. Yo llegu\u00e9 con un da\u00f1o psicol\u00f3gico muy grave y\u00a0 ac\u00e1 me acogieron de una manera hermosa y cari\u00f1osa y me dieron las herramientas para seguir adelante y tener la fortaleza que podemos. Es muy importante que las mujeres que sufren violencia acudan a estos centros que est\u00e1n disponibles para ayudarlas<\/strong>\u201d.<\/p>\n<p>La seremi de la Mujer, Iv\u00f3n Guerra manifest\u00f3 que este mes es fundamental para reforzar y concientizar a toda la sociedad sobre la importancia d erradicar la violencia de g\u00e9nero, \u201c<strong>la violencia contra las mujeres es un problema que abarca todas las esferas y en el que tenemos que todas y todos comprometernos para erradicarla. Ac\u00e1 no es s\u00f3lo un problema de las v\u00edctimas, necesitamos darnos cuenta que es un problema pa\u00eds donde debemos actuar en conjunto para detener este flagelo y sin duda el primer llamado es a condenar y denunciar. Hemos querido iniciar este mes escuchando y dialogando. Para nuestro Gobierno y Ministerio de la Mujer noviembre es un mes de reflexi\u00f3n, an\u00e1lisis y sobre de concientizaci\u00f3n. Vamos a seguir trabajando para apoyar a toda mujer que est\u00e9 sufriendo violencia. Yo reitero que ellas no est\u00e1n solas y espero que como sociedad avancemos en terminar con la violencia hacia las mujeres\u201d<\/strong><\/p>\n<p>Por su parte, la Directora Regional de SernamEG, Mar\u00eda Soledad Rojas Pinto, agradeci\u00f3 a las participantes de este encuentro y al equipo por su valiosa labor, enfatizando <strong>\u201cha sido una instancia muy enriquecedora, sus historias de vida nos cargan de fuerza para seguir adelante a paso firme porque la violencia contra la mujer requiere actuar con sentido de urgencia. Desde el ministerio y el SernamEG, nos hemos enfocado en la prevenci\u00f3n, denuncia y protecci\u00f3n para miles de mujeres\u00a0 que hoy necesitan y cuentan con todo nuestro apoyo\u201d.<\/strong><\/p>\n<p>SernamEG cuenta con 111 centros de la mujer en todo el pa\u00eds, adem\u00e1s de 43 casas de acogida, para mujeres que est\u00e1n en riesgo por situaciones violencia extrema. En la regi\u00f3n de Coquimbo estos dispositivos son 4 centros de la Mujer y dos casas de acogida. En estos lugares reciben apoyo psicosocial y tambi\u00e9n jur\u00eddico.<\/p>\n","protected":false},"excerpt":{"rendered":"<p>En el Centro de la Mujer Rayun de Coquimbo se dio el vamos a las actividades conmemorativas regionales por el mes de la NO Violencia contra la Mujer.<\/p>\n","protected":false},"author":2,"featured_media":4040,"comment_status":"open","ping_status":"open","sticky":false,"template":"","format":"standard","meta":{"footnotes":""},"categories":[6],"tags":[],"class_list":["post-4039","post","type-post","status-publish","format-standard","has-post-thumbnail","hentry","category-regionales"],"_links":{"self":[{"href":"https:\/\/www.radiolimari.cl\/index.php?rest_route=\/wp\/v2\/posts\/4039","targetHints":{"allow":["GET"]}}],"collection":[{"href":"https:\/\/www.radiolimari.cl\/index.php?rest_route=\/wp\/v2\/posts"}],"about":[{"href":"https:\/\/www.radiolimari.cl\/index.php?rest_route=\/wp\/v2\/types\/post"}],"author":[{"embeddable":true,"href":"https:\/\/www.radiolimari.cl\/index.php?rest_route=\/wp\/v2\/users\/2"}],"replies":[{"embeddable":true,"href":"https:\/\/www.radiolimari.cl\/index.php?rest_route=%2Fwp%2Fv2%2Fcomments&post=4039"}],"version-history":[{"count":1,"href":"https:\/\/www.radiolimari.cl\/index.php?rest_route=\/wp\/v2\/posts\/4039\/revisions"}],"predecessor-version":[{"id":4041,"href":"https:\/\/www.radiolimari.cl\/index.php?rest_route=\/wp\/v2\/posts\/4039\/revisions\/4041"}],"wp:featuredmedia":[{"embeddable":true,"href":"https:\/\/www.radiolimari.cl\/index.php?rest_route=\/wp\/v2\/media\/4040"}],"wp:attachment":[{"href":"https:\/\/www.radiolimari.cl\/index.php?rest_route=%2Fwp%2Fv2%2Fmedia&parent=4039"}],"wp:term":[{"taxonomy":"category","embeddable":true,"href":"https:\/\/www.radiolimari.cl\/index.php?rest_route=%2Fwp%2Fv2%2Fcategories&post=4039"},{"taxonomy":"post_tag","embeddable":true,"href":"https:\/\/www.radiolimari.cl\/index.php?rest_route=%2Fwp%2Fv2%2Ftags&post=4039"}],"curies":[{"name":"wp","href":"https:\/\/api.w.org\/{rel}","templated":true}]}}