{"id":4036,"date":"2020-10-29T18:34:19","date_gmt":"2020-10-29T18:34:19","guid":{"rendered":"http:\/\/www.radiolimari.cl\/?p=4036"},"modified":"2020-10-29T18:34:19","modified_gmt":"2020-10-29T18:34:19","slug":"alcalde-de-ovalle-claudio-renteria-seguir-avanzando-en-el-plan-paso-a-paso-esta-en-nuestras-manos","status":"publish","type":"post","link":"https:\/\/www.radiolimari.cl\/?p=4036","title":{"rendered":"Alcalde de Ovalle, Claudio Renter\u00eda  \u201cSeguir avanzando en el Plan Paso a Paso est\u00e1 en nuestras manos\u201d"},"content":{"rendered":"<p><a href=\"https:\/\/www.radiolimari.cl\/wp-content\/uploads\/2020\/10\/Alcalde-cLAUDIO-Renter\u00eda-Cuarentena.jpg\"><img fetchpriority=\"high\" decoding=\"async\" class=\"alignnone size-medium wp-image-4037\" src=\"https:\/\/www.radiolimari.cl\/wp-content\/uploads\/2020\/10\/Alcalde-cLAUDIO-Renter\u00eda-Cuarentena-300x168.jpg\" alt=\"Alcalde cLAUDIO Renter\u00eda Cuarentena\" width=\"300\" height=\"168\" srcset=\"https:\/\/www.radiolimari.cl\/wp-content\/uploads\/2020\/10\/Alcalde-cLAUDIO-Renter\u00eda-Cuarentena-300x168.jpg 300w, https:\/\/www.radiolimari.cl\/wp-content\/uploads\/2020\/10\/Alcalde-cLAUDIO-Renter\u00eda-Cuarentena-1024x573.jpg 1024w, https:\/\/www.radiolimari.cl\/wp-content\/uploads\/2020\/10\/Alcalde-cLAUDIO-Renter\u00eda-Cuarentena.jpg 1280w\" sizes=\"(max-width: 300px) 100vw, 300px\" \/><\/a><\/p>\n<p><strong><em>La autoridad comunal indic\u00f3 que el buen comportamiento de la ciudadan\u00eda y el respeto a las medidas impuestas por el ministerio de Salud han sido fundamentales, para que desde el pr\u00f3ximo lunes 2 de noviembre avancemos a Fase 4 o de Apertura Inicial del Plan Paso a Paso del Gobierno. <\/em><\/strong><!--more--><\/p>\n<p>El buen comportamiento y el respeto a las normas sanitarias han dado sus frutos en Ovalle. Es as\u00ed, como desde el pr\u00f3ximo lunes 2 de noviembre, desde las 5 de la madrugada, la capital de la provincia del Limar\u00ed avanzar\u00e1 a la Fase 4 o de Apertura Inicial del plan Paso a Paso del Gobierno, esto producto de los bajos \u00edndices de nuevos casos de Covid 19 y la disminuci\u00f3n significativa de los focos activos.<\/p>\n<p>Es por ello, que desde el municipio hicieron un llamado a continuar con las medidas sanitarias. \u201cSeguir avanzando en el Plan Paso a Paso est\u00e1 en nuestras manos, por eso debemos respetar las normas establecidas para evitar un rebrote. No queremos \u00a0retroceder y volver a las restricciones que son tan molestas y da\u00f1inas para todos, sobretodo para nuestros comerciantes y emprendedores\u201d sostuvo el alcalde de Ovalle, Claudio Renter\u00eda.<\/p>\n<p>&nbsp;<\/p>\n<p>Dentro de lo que est\u00e1 permitido realizar en esta nueva fase est\u00e1 el aumento de la capacidad de atenci\u00f3n en restaurantes, caf\u00e9s y lugares an\u00e1logos, con un m\u00e1ximo de 50% de capacidad, y a una distancia de al menos 2 metros entre mesas.<\/p>\n<p>El pasado 19 de octubre, la ministra del Deporte, Cecilia P\u00e9rez, anunci\u00f3 la reapertura de gimnasios en fase 4, con diversas medidas, entre ellas: ubicar las m\u00e1quinas de ejercicios con un m\u00ednimo de dos metros de distancia; no est\u00e1 permitido el uso de camarines ni lugares cerrados que no sean esenciales para el funcionamiento del recinto. Mientras que la sala de m\u00e1quinas debe mantener un aforo de 1 persona cada 10 metros cuadrados. Asimismo, para actividades deportivas en espacios abiertos, pueden participar hasta 50 personas, sin p\u00fablico.<\/p>\n<p>La medida de toque de queda tambi\u00e9n se mantiene, es decir, sigue rigiendo desde las 23.00 hasta las 05.00 horas, salvo aquellas personas que tengan salvoconducto por emergencia m\u00e9dica o el fallecimiento de un familiar directo.<\/p>\n<p>Tambi\u00e9n se puede participar en reuniones sociales y recreativas, de m\u00e1ximo 50 personas en espacios cerrados y 100 en espacios abiertos, a excepci\u00f3n de los horarios de toque de queda.<\/p>\n<p>El jefe comunal agreg\u00f3 que para lograr estos buenos \u00edndices \u201cha sido fundamental el buen comportamiento de la ciudadan\u00eda. Esto ha quedado demostrado en los reportes epidemiol\u00f3gicos que entrega diariamente la autoridad sanitaria y por eso creo que el paso a la Fase 4 es una buena noticia, en especial para comerciantes y locatarios, quienes \u00a0han hecho grandes esfuerzos y han implementado diversas medidas sanitarias para dar m\u00e1s seguridad a sus clientes\u201d, sostuvo el alcalde.<\/p>\n<p>Renter\u00eda reitero adem\u00e1s la importancia del autocuidado, manteniendo un constante lavado de manos, el uso de mascarilla, distanciamiento social y el uso de alcohol gel, entre otras.<\/p>\n","protected":false},"excerpt":{"rendered":"<p>La autoridad comunal indic\u00f3 que el buen comportamiento de la ciudadan\u00eda y el respeto a las medidas impuestas por el ministerio de Salud han sido fundamentales, para que desde el pr\u00f3ximo lunes 2 de noviembre avancemos a Fase 4 o de Apertura Inicial del Plan Paso a Paso del Gobierno.<\/p>\n","protected":false},"author":2,"featured_media":4037,"comment_status":"open","ping_status":"open","sticky":false,"template":"","format":"standard","meta":{"footnotes":""},"categories":[5],"tags":[],"class_list":["post-4036","post","type-post","status-publish","format-standard","has-post-thumbnail","hentry","category-actualidad-limarina"],"_links":{"self":[{"href":"https:\/\/www.radiolimari.cl\/index.php?rest_route=\/wp\/v2\/posts\/4036","targetHints":{"allow":["GET"]}}],"collection":[{"href":"https:\/\/www.radiolimari.cl\/index.php?rest_route=\/wp\/v2\/posts"}],"about":[{"href":"https:\/\/www.radiolimari.cl\/index.php?rest_route=\/wp\/v2\/types\/post"}],"author":[{"embeddable":true,"href":"https:\/\/www.radiolimari.cl\/index.php?rest_route=\/wp\/v2\/users\/2"}],"replies":[{"embeddable":true,"href":"https:\/\/www.radiolimari.cl\/index.php?rest_route=%2Fwp%2Fv2%2Fcomments&post=4036"}],"version-history":[{"count":1,"href":"https:\/\/www.radiolimari.cl\/index.php?rest_route=\/wp\/v2\/posts\/4036\/revisions"}],"predecessor-version":[{"id":4038,"href":"https:\/\/www.radiolimari.cl\/index.php?rest_route=\/wp\/v2\/posts\/4036\/revisions\/4038"}],"wp:featuredmedia":[{"embeddable":true,"href":"https:\/\/www.radiolimari.cl\/index.php?rest_route=\/wp\/v2\/media\/4037"}],"wp:attachment":[{"href":"https:\/\/www.radiolimari.cl\/index.php?rest_route=%2Fwp%2Fv2%2Fmedia&parent=4036"}],"wp:term":[{"taxonomy":"category","embeddable":true,"href":"https:\/\/www.radiolimari.cl\/index.php?rest_route=%2Fwp%2Fv2%2Fcategories&post=4036"},{"taxonomy":"post_tag","embeddable":true,"href":"https:\/\/www.radiolimari.cl\/index.php?rest_route=%2Fwp%2Fv2%2Ftags&post=4036"}],"curies":[{"name":"wp","href":"https:\/\/api.w.org\/{rel}","templated":true}]}}