{"id":4033,"date":"2020-10-29T15:57:06","date_gmt":"2020-10-29T15:57:06","guid":{"rendered":"http:\/\/www.radiolimari.cl\/?p=4033"},"modified":"2020-10-29T15:57:06","modified_gmt":"2020-10-29T15:57:06","slug":"intendente-pablo-herman-gestiona-recursos-para-asegurar-obras-claves-para-la-reactivacion-economica","status":"publish","type":"post","link":"https:\/\/www.radiolimari.cl\/?p=4033","title":{"rendered":"Intendente Pablo Herman gestiona recursos para asegurar obras claves para la reactivaci\u00f3n econ\u00f3mica"},"content":{"rendered":"<p><a href=\"https:\/\/www.radiolimari.cl\/wp-content\/uploads\/2020\/10\/29.10-intendencuia.jpeg\"><img fetchpriority=\"high\" decoding=\"async\" class=\"alignnone size-medium wp-image-4034\" src=\"https:\/\/www.radiolimari.cl\/wp-content\/uploads\/2020\/10\/29.10-intendencuia-300x199.jpeg\" alt=\"29.10 intendencuia\" width=\"300\" height=\"199\" srcset=\"https:\/\/www.radiolimari.cl\/wp-content\/uploads\/2020\/10\/29.10-intendencuia-300x199.jpeg 300w, https:\/\/www.radiolimari.cl\/wp-content\/uploads\/2020\/10\/29.10-intendencuia-1024x682.jpeg 1024w, https:\/\/www.radiolimari.cl\/wp-content\/uploads\/2020\/10\/29.10-intendencuia.jpeg 1280w\" sizes=\"(max-width: 300px) 100vw, 300px\" \/><\/a><\/p>\n<p><strong><em>El jefe regional, junto al Diputado Juan Manuel Fuenzalida, se reuni\u00f3 con el Subsecretario de Hacienda Francisco Moreno, para ir revisando diversos proyectos regionales que son esenciales para la generaci\u00f3n de empleo.<\/em><\/strong><!--more--><\/p>\n<p>Para el Intendente de Coquimbo, Pablo Herman, la reactivaci\u00f3n econ\u00f3mica es uno de sus principales ejes de gesti\u00f3n. Y en ese sentido, la inversi\u00f3n p\u00fablica ser\u00e1 fundamental.<\/p>\n<p>&nbsp;<\/p>\n<p>Es por ello que el jefe regional, junto al Diputado Juan Manuel Fuenzalida, se reuni\u00f3 con el Subsecretario de Hacienda, Francisco Moreno, para gestionar y asegurar los recursos que permitan continuar ejecutando diversos proyectos.<\/p>\n<p>&nbsp;<\/p>\n<p><strong>\u201cLa crisis sanitaria ha impactado fuerte en el desarrollo del pa\u00eds y nuestra regi\u00f3n. Por eso que el Gobierno del Presidente Pi\u00f1era ha puesto \u00e9nfasis en reactivar nuestra econom\u00eda, porque de esa manera podremos generar los empleos necesarios para darle tranquilidad a las familias, siempre bajo los criterios de salud necesarios para que esa reactivaci\u00f3n sea efectiva y segura\u201d<\/strong>, indic\u00f3 el Intendente Pablo Herman.<\/p>\n<p>&nbsp;<\/p>\n<p>En este sentido, el Intendente de Coquimbo y el Diputado Fuenzalida, revisaron una serie de iniciativas claves para el desarrollo regional, como el mejoramiento de la ruta que une Punitaqui con Manquehua en Combarbal\u00e1, la concesi\u00f3n del tramo ruta 5 La Serena con Los Vilos, la construcci\u00f3n de Plantas Desalinizadoras en la Provincia de Limar\u00ed, la construcci\u00f3n del muro de la Costanera de Coquimbo, entre otros proyectos.<\/p>\n<p>&nbsp;<\/p>\n<p><strong>\u201cEstos proyectos los tenemos incluidos en la Ley de Presupuesto del a\u00f1o 2021 y ser\u00e1n muy importantes para crear nuevas fuentes laborales. Junto al Diputado Fuenzalida estamos poniendo el acento en la necesidad de invertir en el crecimiento de las regiones\u201d<\/strong>, acot\u00f3 el Intendente Herman.<\/p>\n<p>&nbsp;<\/p>\n<p>Por su parte, el Diputado Juan Manuel Fuenzalida remarc\u00f3 que <strong>\u201cacompa\u00f1amos al Intendente para trabajar por una reactivaci\u00f3n econ\u00f3mica verdadera y as\u00ed generar los puestos de trabajo que la Regi\u00f3n de Coquimbo necesita. Somos una zona con una alta tasa de desempleo y debemos poner en marcha la regi\u00f3n\u201d<\/strong>.<\/p>\n<p>&nbsp;<\/p>\n<p>Y es que en el Presupuesto 2021 las distintas carteras destinar\u00e1n importantes recursos para inversi\u00f3n local, destacando proyectos de inversi\u00f3n desde Obras P\u00fablicas, mayores recursos para el Ministerio de Vivienda y un incremento del presupuesto en Salud.<\/p>\n<p>&nbsp;<\/p>\n<p>Dentro de la reuni\u00f3n tambi\u00e9n se abordaron las medidas sociales que se implementar\u00e1n en apoyo de las familias de la regi\u00f3n, los trabajadores y las Pymes, especialmente la transferencia de fondos sociales los municipios, la Ley de Protecci\u00f3n del Empleo y el Ingreso Familiar de Emergencia.<\/p>\n<p><strong>\u00a0<\/strong><\/p>\n","protected":false},"excerpt":{"rendered":"<p>El jefe regional, junto al Diputado Juan Manuel Fuenzalida, se reuni\u00f3 con el Subsecretario de Hacienda Francisco Moreno, para ir revisando diversos proyectos regionales que son esenciales para la generaci\u00f3n de empleo.<\/p>\n","protected":false},"author":2,"featured_media":4034,"comment_status":"open","ping_status":"open","sticky":false,"template":"","format":"standard","meta":{"footnotes":""},"categories":[6],"tags":[],"class_list":["post-4033","post","type-post","status-publish","format-standard","has-post-thumbnail","hentry","category-regionales"],"_links":{"self":[{"href":"https:\/\/www.radiolimari.cl\/index.php?rest_route=\/wp\/v2\/posts\/4033","targetHints":{"allow":["GET"]}}],"collection":[{"href":"https:\/\/www.radiolimari.cl\/index.php?rest_route=\/wp\/v2\/posts"}],"about":[{"href":"https:\/\/www.radiolimari.cl\/index.php?rest_route=\/wp\/v2\/types\/post"}],"author":[{"embeddable":true,"href":"https:\/\/www.radiolimari.cl\/index.php?rest_route=\/wp\/v2\/users\/2"}],"replies":[{"embeddable":true,"href":"https:\/\/www.radiolimari.cl\/index.php?rest_route=%2Fwp%2Fv2%2Fcomments&post=4033"}],"version-history":[{"count":1,"href":"https:\/\/www.radiolimari.cl\/index.php?rest_route=\/wp\/v2\/posts\/4033\/revisions"}],"predecessor-version":[{"id":4035,"href":"https:\/\/www.radiolimari.cl\/index.php?rest_route=\/wp\/v2\/posts\/4033\/revisions\/4035"}],"wp:featuredmedia":[{"embeddable":true,"href":"https:\/\/www.radiolimari.cl\/index.php?rest_route=\/wp\/v2\/media\/4034"}],"wp:attachment":[{"href":"https:\/\/www.radiolimari.cl\/index.php?rest_route=%2Fwp%2Fv2%2Fmedia&parent=4033"}],"wp:term":[{"taxonomy":"category","embeddable":true,"href":"https:\/\/www.radiolimari.cl\/index.php?rest_route=%2Fwp%2Fv2%2Fcategories&post=4033"},{"taxonomy":"post_tag","embeddable":true,"href":"https:\/\/www.radiolimari.cl\/index.php?rest_route=%2Fwp%2Fv2%2Ftags&post=4033"}],"curies":[{"name":"wp","href":"https:\/\/api.w.org\/{rel}","templated":true}]}}