{"id":4030,"date":"2020-10-29T15:44:11","date_gmt":"2020-10-29T15:44:11","guid":{"rendered":"http:\/\/www.radiolimari.cl\/?p=4030"},"modified":"2020-10-29T15:44:11","modified_gmt":"2020-10-29T15:44:11","slug":"mas-de-800-empleadores-de-la-region-han-solicitado-el-subsidio-al-empleo","status":"publish","type":"post","link":"https:\/\/www.radiolimari.cl\/?p=4030","title":{"rendered":"M\u00e1s de 800 empleadores de la regi\u00f3n han solicitado  el Subsidio al Empleo"},"content":{"rendered":"<p><a href=\"https:\/\/www.radiolimari.cl\/wp-content\/uploads\/2020\/10\/29.10-trabajo.jpeg\"><img fetchpriority=\"high\" decoding=\"async\" class=\"alignnone size-medium wp-image-4031\" src=\"https:\/\/www.radiolimari.cl\/wp-content\/uploads\/2020\/10\/29.10-trabajo-300x225.jpeg\" alt=\"29.10 trabajo\" width=\"300\" height=\"225\" srcset=\"https:\/\/www.radiolimari.cl\/wp-content\/uploads\/2020\/10\/29.10-trabajo-300x225.jpeg 300w, https:\/\/www.radiolimari.cl\/wp-content\/uploads\/2020\/10\/29.10-trabajo-1024x768.jpeg 1024w, https:\/\/www.radiolimari.cl\/wp-content\/uploads\/2020\/10\/29.10-trabajo.jpeg 1280w\" sizes=\"(max-width: 300px) 100vw, 300px\" \/><\/a><\/p>\n<p><strong><em>La autoridad laboral insisti\u00f3 en el llamado a utilizar el beneficio que permite el regreso y la contrataci\u00f3n de trabajadoras y trabajadores.<\/em><\/strong><\/p>\n<p><!--more--><\/p>\n<p>Tras casi un mes de ser puesto a disposici\u00f3n el Subsidio al Empleo ya cuenta las primeras solicitudes de apoyo para reincorporar trabajadores con suspensi\u00f3n de contrato e inclusi\u00f3n de nuevos puestos de trabajo en la regi\u00f3n de Coquimbo.<\/p>\n<p>Seg\u00fan cifras del Servicio Nacional de Capacitaci\u00f3n y Empleo (SENCE), al inicio de esta semana son 819 empleadores que han postulado a 2902 trabajadores al Subsidio al Empleo en sus dos l\u00edneas de acci\u00f3n. De ellos 1.052 han sido aceptados en la modalidad Regresa y 1.850 se encuentran en proceso de validaci\u00f3n para la opci\u00f3n Contrata.<\/p>\n<p>Al respecto el Seremi del Trabajo, Mat\u00edas Villalobos, coment\u00f3 que \u201ca la fecha son m\u00e1s de 800 los empleadores que han acudido al subsidio al empleo, cuyo objetivo es justamente poder lograr que los trabajadores que se han acogido a la ley de protecci\u00f3n del empleo se puedan reincorporar de buena manera en sus puestos de trabajo, que los empleadores puedan mantener ese v\u00ednculo laboral y por otro parte fomentar la contrataci\u00f3n y la generaci\u00f3n de nuevos puestos de trabajo\u201d.<\/p>\n<p>De acuerdo a las estad\u00edsticas del Sence a nivel nacional, al 25 de octubre, son m\u00e1s de 18 mil las empresas que han postulado a 84 mil trabajadores a este beneficio. Mientras que del total de empresas que han postulado a sus trabajadores, un 60% corresponde a pymes y microempresas.<\/p>\n<p><strong>Difusi\u00f3n<\/strong><\/p>\n<p>El Seremi del Trabajo visit\u00f3 la Gelater\u00eda Alex de la comuna de Ovalle, emprendimiento regional, para darles a conocer el beneficio y explic\u00f3 que \u201cel objetivo de esta visita es seguir difundiendo el Subsidio al Empleo, una medida de reactivaci\u00f3n econ\u00f3mica como otras que se han puesto a disposici\u00f3n de los emprendedores y emprendedoras el gobierno del presidente Sebasti\u00e1n Pi\u00f1era. Por lo que invitamos a todos los empleadores a que puedan conocer m\u00e1s de este subsidio en <a href=\"http:\/\/www.sence.cl\">www.sence.cl<\/a> y puedan postular al mismo\u201d.<\/p>\n<p>En este sentido Nataly Maldonado emprendedora y representante de la gelater\u00eda, conoci\u00f3 las alternativas del subsidio y coment\u00f3 las expectativas que tiene al respecto y dijo que \u201clo evaluamos y la intenci\u00f3n nuestra es contratar gente, ya que se nos viene la temporada de verano fuerte y con ello necesitamos m\u00e1s personal, y con el beneficio vamos a poder hacerlo\u201d.<\/p>\n<p>El Subsidio al Empleo tiene dos l\u00edneas: REGRESA y CONTRATA. La primera de ellas, est\u00e1 enfocada en incentivar la reincorporaci\u00f3n de los trabajadores cuyos contratos fueron suspendidos bajo la Ley de Protecci\u00f3n del Empleo, entregando a las empresas postulantes $160 mil por cada trabajador regresado. La otra l\u00ednea busca impulsar la contrataci\u00f3n de trabajadores, y financia el 50% de la remuneraci\u00f3n bruta imponible con un tope de $ 250 mil por cada nuevo trabajador contratado, pero en el caso de las mujeres, j\u00f3venes y personas con discapacidad, sube al 60% de la remuneraci\u00f3n bruta, con tope de $ 270 mil.<\/p>\n<p>Los empleadores pueden postular a trav\u00e9s del sitio web www.subsidioalempleo.cl hasta el 31 de marzo de 2021.<\/p>\n","protected":false},"excerpt":{"rendered":"<p>La autoridad laboral insisti\u00f3 en el llamado a utilizar el beneficio que permite el regreso y la contrataci\u00f3n de trabajadoras y trabajadores.<\/p>\n","protected":false},"author":2,"featured_media":4031,"comment_status":"open","ping_status":"open","sticky":false,"template":"","format":"standard","meta":{"footnotes":""},"categories":[6],"tags":[],"class_list":["post-4030","post","type-post","status-publish","format-standard","has-post-thumbnail","hentry","category-regionales"],"_links":{"self":[{"href":"https:\/\/www.radiolimari.cl\/index.php?rest_route=\/wp\/v2\/posts\/4030","targetHints":{"allow":["GET"]}}],"collection":[{"href":"https:\/\/www.radiolimari.cl\/index.php?rest_route=\/wp\/v2\/posts"}],"about":[{"href":"https:\/\/www.radiolimari.cl\/index.php?rest_route=\/wp\/v2\/types\/post"}],"author":[{"embeddable":true,"href":"https:\/\/www.radiolimari.cl\/index.php?rest_route=\/wp\/v2\/users\/2"}],"replies":[{"embeddable":true,"href":"https:\/\/www.radiolimari.cl\/index.php?rest_route=%2Fwp%2Fv2%2Fcomments&post=4030"}],"version-history":[{"count":1,"href":"https:\/\/www.radiolimari.cl\/index.php?rest_route=\/wp\/v2\/posts\/4030\/revisions"}],"predecessor-version":[{"id":4032,"href":"https:\/\/www.radiolimari.cl\/index.php?rest_route=\/wp\/v2\/posts\/4030\/revisions\/4032"}],"wp:featuredmedia":[{"embeddable":true,"href":"https:\/\/www.radiolimari.cl\/index.php?rest_route=\/wp\/v2\/media\/4031"}],"wp:attachment":[{"href":"https:\/\/www.radiolimari.cl\/index.php?rest_route=%2Fwp%2Fv2%2Fmedia&parent=4030"}],"wp:term":[{"taxonomy":"category","embeddable":true,"href":"https:\/\/www.radiolimari.cl\/index.php?rest_route=%2Fwp%2Fv2%2Fcategories&post=4030"},{"taxonomy":"post_tag","embeddable":true,"href":"https:\/\/www.radiolimari.cl\/index.php?rest_route=%2Fwp%2Fv2%2Ftags&post=4030"}],"curies":[{"name":"wp","href":"https:\/\/api.w.org\/{rel}","templated":true}]}}