{"id":4025,"date":"2020-10-28T17:00:36","date_gmt":"2020-10-28T17:00:36","guid":{"rendered":"http:\/\/www.radiolimari.cl\/?p=4025"},"modified":"2020-10-28T17:00:36","modified_gmt":"2020-10-28T17:00:36","slug":"coronavirus-28-de-octubre-20-casos-nuevos-de-covid-se-registran-en-la-region-de-coquimbo","status":"publish","type":"post","link":"https:\/\/www.radiolimari.cl\/?p=4025","title":{"rendered":"#CoronaVirus 28 de Octubre: 20 casos nuevos de Covid se registran en la regi\u00f3n de Coquimbo"},"content":{"rendered":"<p><a href=\"https:\/\/www.radiolimari.cl\/wp-content\/uploads\/2020\/10\/NOTICIAS-EN-LIMARI-ULTIMA-HORA-CORONA-VIRUS-20.07.2020.jpg\"><img decoding=\"async\" class=\"alignnone size-medium wp-image-3973\" src=\"https:\/\/www.radiolimari.cl\/wp-content\/uploads\/2020\/10\/NOTICIAS-EN-LIMARI-ULTIMA-HORA-CORONA-VIRUS-20.07.2020-300x150.jpg\" alt=\"NOTICIAS EN LIMARI ULTIMA HORA CORONA VIRUS 20.07.2020\" width=\"300\" height=\"150\" srcset=\"https:\/\/www.radiolimari.cl\/wp-content\/uploads\/2020\/10\/NOTICIAS-EN-LIMARI-ULTIMA-HORA-CORONA-VIRUS-20.07.2020-300x150.jpg 300w, https:\/\/www.radiolimari.cl\/wp-content\/uploads\/2020\/10\/NOTICIAS-EN-LIMARI-ULTIMA-HORA-CORONA-VIRUS-20.07.2020-1024x512.jpg 1024w, https:\/\/www.radiolimari.cl\/wp-content\/uploads\/2020\/10\/NOTICIAS-EN-LIMARI-ULTIMA-HORA-CORONA-VIRUS-20.07.2020.jpg 1148w\" sizes=\"(max-width: 300px) 100vw, 300px\" \/><\/a><\/p>\n<p><strong><em>La Red Asistencial inform\u00f3 33 pacientes hospitalizados por la enfermedad<\/em><\/strong><!--more--><\/p>\n<p>Las autoridades del Ministerio de Salud entregaron este mi\u00e9rcoles un nuevo reporte sanitario con la situaci\u00f3n local del Coronavirus, con 20 casos nuevos en la regi\u00f3n de Coquimbo.<\/p>\n<p>\u201cDe los nuevos contagios, 5 corresponden a la comuna de La Serena, 5 a Coquimbo, 3 a Ovalle, 2 a Combarbal\u00e1, 4 a Monte Patria y 1 a Punitaqui. Con esto, llegamos a un total de 12.631 casos acumulados, de los cuales 120 se mantienen con contagio activo en la regi\u00f3n de Coquimbo\u201d, explic\u00f3 el Seremi de Salud, Alejandro Garc\u00eda.<\/p>\n<p>Junto con reiterar el llamado a la prevenci\u00f3n y el autocuidado en la poblaci\u00f3n para evitar nuevos contagios de la enfermedad, la Autoridad Sanitaria inform\u00f3 \u201cque nuestras Residencias Sanitarias cuentan con un 28% de ocupaci\u00f3n, con 122 habitaciones disponibles. Recordar que las personas confirmadas o sospechosas de Covid puedan gestionar su ingreso llamando al 800 726 666\u201d.<\/p>\n<p>Por su parte, el Director (S) del Servicio de Salud Coquimbo, Edgardo Gonz\u00e1lez, se refiri\u00f3 al n\u00famero de camas disponibles actualmente en la regi\u00f3n de Coquimbo. \u201cHoy nuestra Red Asistencial cuenta con un 77% de ocupaci\u00f3n de camas. Es decir, de las 1.166 camas de dotaci\u00f3n actual, 269 se encuentran disponibles. En relaci\u00f3n a las camas de las Unidades de Pacientes Cr\u00edticos, podemos mencionar que contamos con 3 camas UCI, que son aquellas que tienen ventiladores mec\u00e1nicos y 9 UTI\u201d, se\u00f1al\u00f3.<\/p>\n<p>Adem\u00e1s, la autoridad entreg\u00f3 el reporte de pacientes hospitalizados en la regi\u00f3n. \u201cHoy contamos con 33 personas internadas por Covid_19, de las cuales 9 se mantienen graves y con requerimiento de ventilaci\u00f3n mec\u00e1nica\u201d, coment\u00f3.<\/p>\n<p>Finalmente, la autoridad entreg\u00f3 el reporte del personal de salud afectado por el virus. \u201cHoy quisiera destacar una buena noticia, ya que en la Atenci\u00f3n Primaria de Salud (APS), despu\u00e9s de varios meses de pandemia, no contamos con funcionarios que hayan dado positivo al virus, mientras que 11 se mantienen en cuarentena. Por otro lado, 21 funcionarios del Servicio de Salud y de los hospitales han dado positivo al virus, y 36 se encuentran en cuarentena preventiva\u201d, coment\u00f3.<\/p>\n<p>&nbsp;<\/p>\n<p><strong>BALANCE REGI\u00d3N DE COQUIMBO<\/strong><\/p>\n<p><strong>Mi\u00e9rcoles 28 de Octubre<\/strong><\/p>\n<p>20 casos nuevos<\/p>\n<p>12.631 casos acumulados<\/p>\n<p>120 casos activos<\/p>\n<p>240 fallecidos<\/p>\n<p>Detalle casos nuevos por comuna:<\/p>\n<ul>\n<li>05 de La Serena<\/li>\n<li>05 de Coquimbo<\/li>\n<li>03 de Ovalle<\/li>\n<li>02 de Combarbal\u00e1<\/li>\n<li>04 de Monte Patria<\/li>\n<li>01 de Punitaqui<\/li>\n<\/ul>\n<p>Hospitalizados: 33 pacientes<\/p>\n<p>Residencias Sanitarias: 28% de ocupaci\u00f3n<\/p>\n","protected":false},"excerpt":{"rendered":"<p>La Red Asistencial inform\u00f3 33 pacientes hospitalizados por la enfermedad<\/p>\n","protected":false},"author":2,"featured_media":3973,"comment_status":"open","ping_status":"open","sticky":false,"template":"","format":"standard","meta":{"footnotes":""},"categories":[3],"tags":[],"class_list":["post-4025","post","type-post","status-publish","format-standard","has-post-thumbnail","hentry","category-actualidad"],"_links":{"self":[{"href":"https:\/\/www.radiolimari.cl\/index.php?rest_route=\/wp\/v2\/posts\/4025","targetHints":{"allow":["GET"]}}],"collection":[{"href":"https:\/\/www.radiolimari.cl\/index.php?rest_route=\/wp\/v2\/posts"}],"about":[{"href":"https:\/\/www.radiolimari.cl\/index.php?rest_route=\/wp\/v2\/types\/post"}],"author":[{"embeddable":true,"href":"https:\/\/www.radiolimari.cl\/index.php?rest_route=\/wp\/v2\/users\/2"}],"replies":[{"embeddable":true,"href":"https:\/\/www.radiolimari.cl\/index.php?rest_route=%2Fwp%2Fv2%2Fcomments&post=4025"}],"version-history":[{"count":1,"href":"https:\/\/www.radiolimari.cl\/index.php?rest_route=\/wp\/v2\/posts\/4025\/revisions"}],"predecessor-version":[{"id":4026,"href":"https:\/\/www.radiolimari.cl\/index.php?rest_route=\/wp\/v2\/posts\/4025\/revisions\/4026"}],"wp:featuredmedia":[{"embeddable":true,"href":"https:\/\/www.radiolimari.cl\/index.php?rest_route=\/wp\/v2\/media\/3973"}],"wp:attachment":[{"href":"https:\/\/www.radiolimari.cl\/index.php?rest_route=%2Fwp%2Fv2%2Fmedia&parent=4025"}],"wp:term":[{"taxonomy":"category","embeddable":true,"href":"https:\/\/www.radiolimari.cl\/index.php?rest_route=%2Fwp%2Fv2%2Fcategories&post=4025"},{"taxonomy":"post_tag","embeddable":true,"href":"https:\/\/www.radiolimari.cl\/index.php?rest_route=%2Fwp%2Fv2%2Ftags&post=4025"}],"curies":[{"name":"wp","href":"https:\/\/api.w.org\/{rel}","templated":true}]}}