{"id":4019,"date":"2020-10-28T16:21:57","date_gmt":"2020-10-28T16:21:57","guid":{"rendered":"http:\/\/www.radiolimari.cl\/?p=4019"},"modified":"2020-10-28T16:21:57","modified_gmt":"2020-10-28T16:21:57","slug":"vecinos-valoran-recuperacion-de-espacios-publicos-en-ovallela-serena-y-coquimbo","status":"publish","type":"post","link":"https:\/\/www.radiolimari.cl\/?p=4019","title":{"rendered":"Vecinos valoran recuperaci\u00f3n de espacios p\u00fablicos en Ovalle,La Serena y Coquimbo."},"content":{"rendered":"<p><a href=\"https:\/\/www.radiolimari.cl\/wp-content\/uploads\/2020\/10\/28.10-espacio-spublicos.jpg\"><img fetchpriority=\"high\" decoding=\"async\" class=\"alignnone size-medium wp-image-4020\" src=\"https:\/\/www.radiolimari.cl\/wp-content\/uploads\/2020\/10\/28.10-espacio-spublicos-300x200.jpg\" alt=\"28.10 espacio spublicos\" width=\"300\" height=\"200\" srcset=\"https:\/\/www.radiolimari.cl\/wp-content\/uploads\/2020\/10\/28.10-espacio-spublicos-300x200.jpg 300w, https:\/\/www.radiolimari.cl\/wp-content\/uploads\/2020\/10\/28.10-espacio-spublicos.jpg 1024w\" sizes=\"(max-width: 300px) 100vw, 300px\" \/><\/a><\/p>\n<p><strong><em>La iniciativa piloto, que es llevada adelante por Subdere, est\u00e1 desarrollando 43 proyectos <\/em><\/strong><!--more--><\/p>\n<p>Brindar mayor seguridad a los vecinos y recuperar zonas para que pueda desarrollarse la vida barrial es parte de los objetivos que est\u00e1 cumpliendo el Plan Espacios P\u00fablicos Seguros, que desarrolla Subdere junto al Gobierno Regional.<\/p>\n<p>La iniciativa contempla la realizaci\u00f3n de 43 proyectos en las comunas de La Serena, Coquimbo y Ovalle, en sectores que presentan cierto grado de vulnerabilidad o en situaci\u00f3n de abandono para de convertirlos en sitios seguros para las familias y la comunidad.<\/p>\n<p><strong>\u201cAqu\u00ed se ha dado un trabajo colaborativo entre el municipio, el Gobierno y, tambi\u00e9n, Carabineros, que a trav\u00e9s del sistema stop tienen identificados cu\u00e1les son los puntos cr\u00edticos donde se producen mayor denuncia y donde los mismos vecinos han manifestado que existe riesgo o inseguridad en el sector y as\u00ed se fueron creando estos espacios para, finalmente, ganarle la batalla a la delincuencia\u201d, expres\u00f3 el Vocero de Gobierno Ignacio Pinto.<\/strong><\/p>\n<p><strong>\u00a0<\/strong>Los proyectos han sido bien recibidos por la comunidad, ejemplo de esto lo vemos en el sector de San Juan de Coquimbo, donde se han desarrollado el mejoramiento del paseo de calle Suecia y del paseo de calle Brasil.<\/p>\n<p>Alejandra Mu\u00f1oz, tesorera de la Junta de Vecinos Carlos Darwin y Miramar de Las Encinas Coquimbo, valor\u00f3 el trabajo desarrollado por Subdere y el Gobierno Regional, agradeci\u00f3 estos espacios para las familias y, tambi\u00e9n, llam\u00f3 a los vecinos a cuidar estas plazas.<\/p>\n<p><strong>\u201cLos vecinos tenemos que tomar conciencia que estos espacios son de nosotros, tenemos que resguardar nuestros espacios, que no nos vengan a botar basura, que no nos vengan a ensuciar, que no los vengan a rayar, cuidarlos. Qu\u00e9 mejor traer a un hijo a un espacio limpio, bonito y as\u00ed ellos mismos van aprendiendo a cuidar sus cosas, lo que nos pertenece, porque esto nos pertenece a todos\u201d, expres\u00f3 la vecina del sector de San Juan.<\/strong><\/p>\n<p><strong>\u00a0<\/strong>Los proyectos est\u00e1n en proceso de finalizaci\u00f3n, y entre ellos, destacanel mejoramiento del paseo calle Rene Schneider en Tierras Blancas, la iluminaci\u00f3n peatonal de Avenida El Sauce en el paso Quebrada Las Rosas en Coquimbo, el mejoramiento de \u00e1reas verdes y multicancha Monjitas Oriente, el mejoramiento de la Plaza Manuel Lobos y la iluminaci\u00f3n del parque Pedro Alfonso Barrios en Ovalle.<\/p>\n<p><strong>\u201cSon m\u00e1s de dos mil millones de pesos invertidos en la recuperaci\u00f3n de estos espacios, que, en monto, no son cifras tan importantes, comparadas a grandes obras, pero son tremendamente significativas para la recuperaci\u00f3n de espacios con juegos, bancas e iluminaci\u00f3n y sobre todo seguridad. Son espacios que se le ganan a la delincuencia y son espacios que, finalmente, los vecinos ocupan para desarrollar una vida de barrio. Pensar la vida desde una vida de barrio hace una mejor ciudad.\u201d, detall\u00f3 el Jefe Regional de la Unidad de Subdere, C\u00e9sar G\u00f3mez.<\/strong><\/p>\n<p>&nbsp;<\/p>\n<p>&nbsp;<\/p>\n<p>&nbsp;<\/p>\n","protected":false},"excerpt":{"rendered":"<p>La iniciativa piloto, que es llevada adelante por Subdere, est\u00e1 desarrollando 43 proyectos<\/p>\n","protected":false},"author":2,"featured_media":4020,"comment_status":"open","ping_status":"open","sticky":false,"template":"","format":"standard","meta":{"footnotes":""},"categories":[6],"tags":[],"class_list":["post-4019","post","type-post","status-publish","format-standard","has-post-thumbnail","hentry","category-regionales"],"_links":{"self":[{"href":"https:\/\/www.radiolimari.cl\/index.php?rest_route=\/wp\/v2\/posts\/4019","targetHints":{"allow":["GET"]}}],"collection":[{"href":"https:\/\/www.radiolimari.cl\/index.php?rest_route=\/wp\/v2\/posts"}],"about":[{"href":"https:\/\/www.radiolimari.cl\/index.php?rest_route=\/wp\/v2\/types\/post"}],"author":[{"embeddable":true,"href":"https:\/\/www.radiolimari.cl\/index.php?rest_route=\/wp\/v2\/users\/2"}],"replies":[{"embeddable":true,"href":"https:\/\/www.radiolimari.cl\/index.php?rest_route=%2Fwp%2Fv2%2Fcomments&post=4019"}],"version-history":[{"count":1,"href":"https:\/\/www.radiolimari.cl\/index.php?rest_route=\/wp\/v2\/posts\/4019\/revisions"}],"predecessor-version":[{"id":4021,"href":"https:\/\/www.radiolimari.cl\/index.php?rest_route=\/wp\/v2\/posts\/4019\/revisions\/4021"}],"wp:featuredmedia":[{"embeddable":true,"href":"https:\/\/www.radiolimari.cl\/index.php?rest_route=\/wp\/v2\/media\/4020"}],"wp:attachment":[{"href":"https:\/\/www.radiolimari.cl\/index.php?rest_route=%2Fwp%2Fv2%2Fmedia&parent=4019"}],"wp:term":[{"taxonomy":"category","embeddable":true,"href":"https:\/\/www.radiolimari.cl\/index.php?rest_route=%2Fwp%2Fv2%2Fcategories&post=4019"},{"taxonomy":"post_tag","embeddable":true,"href":"https:\/\/www.radiolimari.cl\/index.php?rest_route=%2Fwp%2Fv2%2Ftags&post=4019"}],"curies":[{"name":"wp","href":"https:\/\/api.w.org\/{rel}","templated":true}]}}