{"id":4016,"date":"2020-10-28T14:48:44","date_gmt":"2020-10-28T14:48:44","guid":{"rendered":"http:\/\/www.radiolimari.cl\/?p=4016"},"modified":"2020-10-28T14:48:44","modified_gmt":"2020-10-28T14:48:44","slug":"comision-de-constitucion-aprobo-este-martes-en-general-segundo-retiro-de-fondos-de-afp","status":"publish","type":"post","link":"https:\/\/www.radiolimari.cl\/?p=4016","title":{"rendered":"Comisi\u00f3n de Constituci\u00f3n aprob\u00f3  este martes  en General segundo retiro de fondos de AFP"},"content":{"rendered":"<p><a href=\"https:\/\/www.radiolimari.cl\/wp-content\/uploads\/2020\/10\/27.10-Matias-Walker-Comisi\u00f3n-Constitucion-octubre.jpeg\"><img fetchpriority=\"high\" decoding=\"async\" class=\"alignnone size-medium wp-image-4017\" src=\"https:\/\/www.radiolimari.cl\/wp-content\/uploads\/2020\/10\/27.10-Matias-Walker-Comisi\u00f3n-Constitucion-octubre-300x200.jpeg\" alt=\"27.10 Matias Walker Comisi\u00f3n Constitucion octubre\" width=\"300\" height=\"200\" srcset=\"https:\/\/www.radiolimari.cl\/wp-content\/uploads\/2020\/10\/27.10-Matias-Walker-Comisi\u00f3n-Constitucion-octubre-300x200.jpeg 300w, https:\/\/www.radiolimari.cl\/wp-content\/uploads\/2020\/10\/27.10-Matias-Walker-Comisi\u00f3n-Constitucion-octubre.jpeg 799w\" sizes=\"(max-width: 300px) 100vw, 300px\" \/><\/a><\/p>\n<p><i style=\"color: #000000;\">El diputado Matias Walker, presidente de la Comisi\u00f3n, valor\u00f3 el apoyo de parlamentarios de Chile Vamos a este segundo retiro y tambi\u00e9n a la reforma que permite el retiro de fondos para pensionados por rentas vitalicias y obligar al retiro a deudores de pensiones de alimentos.<\/i><!--more--><\/p>\n<p style=\"color: #000000;\">La Comisi\u00f3n de Constituci\u00f3n de la C\u00e1mara de Diputados aprob\u00f3 en general el proyecto de\u00a0 Reforma Constitucional que permite un segundo retiro del 10% de AFP, considerando los problemas econ\u00f3micos que han afectado a las familias producto de la crisis sanitaria del Covid 19. As\u00ed tambi\u00e9n se aprob\u00f3 la idea de legislar otra reforma para permitir un retiro de fondos a pensionados en la modalidad de Rentas Vitalicias y otra que obliga el retiro de fondos a deudores de pensi\u00f3n de alimentos.<\/p>\n<p style=\"color: #000000;\">Mat\u00edas Walker, presidente de la Comisi\u00f3n de Constituci\u00f3n de la C\u00e1mara de Diputados destac\u00f3 \u201cel nivel del debate, que ha demostrado una alta empat\u00eda con la ciudadan\u00eda que el domingo nos pidi\u00f3, precisamente, ponernos en el lugar de la gente que lo est\u00e1 pasando mal, de sectores vulnerables, de clase media, que ahora se le termina el ingreso familiar de emergencia en octubre y que no tienen otra alternativa\u201d.<\/p>\n<p style=\"color: #000000;\">El parlamentaro DC por la regi\u00f3n de Coquimbo evalu\u00f3 favorablemente el apoyo del oficialismo en la comisi\u00f3n para este segundo retiro de fondos de AFP y las otras reformas, \u201cporque diputados de Chile Vamos, nuevamente, a pesar de todas las presiones del gobierno, se han sumado a tener esta tremenda mayor\u00eda en favor de un segundo retiro del 10%, tambi\u00e9n de retiro forzoso para pagar pensiones alimenticias adeudadas y tambi\u00e9n para que los 600 mil pensionados por aseguradoras, bajo el sistema de rentas vitalicias, pueden tener un retiro del 10%\u201d.<\/p>\n<p style=\"color: #000000;\">Consultado por la reserva de constitucionalidad que hizo el gobierno para estas reformas, el diputado Walker respondi\u00f3 se\u00f1alando que \u201cno hay ninguna inconstitucionalidad. \u00bfC\u00f3mo una reforma constitucional va a ser inconstitucional? De ninguna manera, de hecho fue el propio Presidente de la C\u00e1mara de Diputados, Diego Paulsen, diputado de Renovaci\u00f3n Nacional, fue quien declar\u00f3 admisible y por tanto constitucional todos estos proyectos. Adem\u00e1s hay que recordar que el decreto ley 3.500 que establece el sistema de capitalizaci\u00f3n individual, que regula las AFP es una ley, no una norma constitucional. El sistema de capitalizaci\u00f3n individual no est\u00e1 regulado en la constituci\u00f3n en nuestro pa\u00eds\u201d.<\/p>\n<p style=\"color: #000000;\">Despu\u00e9s de esta aprobaci\u00f3n en general en la comisi\u00f3n de Constituci\u00f3n, ahora viene la discusi\u00f3n en particular, art\u00edculo por art\u00edculo con las indicaciones, en donde desde la oposici\u00f3n se espera que el gobierno tambi\u00e9n haga sus propuestas a trav\u00e9s de indicaciones<\/p>\n<p style=\"color: #000000;\">Segundo Retiro de 10%<\/p>\n<p style=\"color: #000000;\">La Reforma Constitucional que permite un nuevo retiro de fondos de AFP es similar a la aprobada en el mes de julio. El proyecto propone la posibilidad de un retiro de fondos en forma extraordinaria y voluntario de hasta el 10% del dinero acumulado, estableci\u00e9ndose como monto m\u00e1ximo de retiro el equivalente a 150 UF y un m\u00ednimo de 35 UF. En caso de que el 10% por ciento de los fondos acumulados sean inferior a 35 UF, el afiliado podr\u00e1 retirar hasta dicho monto y quienes tengan menos de 35 UF en su cuenta de capitalizaci\u00f3n individual, podr\u00e1n retirar la totalidad de los fondos acumulados en dicha cuenta.<\/p>\n<p style=\"color: #000000;\">Desde la oposici\u00f3n reafirmaron su apoyo a la medida, asegurando que las ayudas entregadas por el gobierno no han sido suficientes. Por su parte, desde Chile Vamos hubo apoyo para esta reforma y se abrieron a aprobarla en Sala, con el compromiso de ingresar indicaciones para mejorar el texto.<\/p>\n","protected":false},"excerpt":{"rendered":"<p>El diputado Matias Walker, presidente de la Comisi\u00f3n, valor\u00f3 el apoyo de parlamentarios de Chile Vamos a este segundo retiro y tambi\u00e9n a la reforma que permite el retiro de fondos para pensionados por rentas vitalicias y obligar al retiro a deudores de pensiones de alimentos.<\/p>\n","protected":false},"author":2,"featured_media":4017,"comment_status":"open","ping_status":"open","sticky":false,"template":"","format":"standard","meta":{"footnotes":""},"categories":[3],"tags":[],"class_list":["post-4016","post","type-post","status-publish","format-standard","has-post-thumbnail","hentry","category-actualidad"],"_links":{"self":[{"href":"https:\/\/www.radiolimari.cl\/index.php?rest_route=\/wp\/v2\/posts\/4016","targetHints":{"allow":["GET"]}}],"collection":[{"href":"https:\/\/www.radiolimari.cl\/index.php?rest_route=\/wp\/v2\/posts"}],"about":[{"href":"https:\/\/www.radiolimari.cl\/index.php?rest_route=\/wp\/v2\/types\/post"}],"author":[{"embeddable":true,"href":"https:\/\/www.radiolimari.cl\/index.php?rest_route=\/wp\/v2\/users\/2"}],"replies":[{"embeddable":true,"href":"https:\/\/www.radiolimari.cl\/index.php?rest_route=%2Fwp%2Fv2%2Fcomments&post=4016"}],"version-history":[{"count":1,"href":"https:\/\/www.radiolimari.cl\/index.php?rest_route=\/wp\/v2\/posts\/4016\/revisions"}],"predecessor-version":[{"id":4018,"href":"https:\/\/www.radiolimari.cl\/index.php?rest_route=\/wp\/v2\/posts\/4016\/revisions\/4018"}],"wp:featuredmedia":[{"embeddable":true,"href":"https:\/\/www.radiolimari.cl\/index.php?rest_route=\/wp\/v2\/media\/4017"}],"wp:attachment":[{"href":"https:\/\/www.radiolimari.cl\/index.php?rest_route=%2Fwp%2Fv2%2Fmedia&parent=4016"}],"wp:term":[{"taxonomy":"category","embeddable":true,"href":"https:\/\/www.radiolimari.cl\/index.php?rest_route=%2Fwp%2Fv2%2Fcategories&post=4016"},{"taxonomy":"post_tag","embeddable":true,"href":"https:\/\/www.radiolimari.cl\/index.php?rest_route=%2Fwp%2Fv2%2Ftags&post=4016"}],"curies":[{"name":"wp","href":"https:\/\/api.w.org\/{rel}","templated":true}]}}