{"id":4005,"date":"2020-10-27T18:34:36","date_gmt":"2020-10-27T18:34:36","guid":{"rendered":"http:\/\/www.radiolimari.cl\/?p=4005"},"modified":"2020-10-27T18:34:36","modified_gmt":"2020-10-27T18:34:36","slug":"presentan-plan-paso-a-paso-laboral-para-el-sector-agricola","status":"publish","type":"post","link":"https:\/\/www.radiolimari.cl\/?p=4005","title":{"rendered":"Presentan plan \u201cPaso a Paso laboral\u201d para el sector Agr\u00edcola"},"content":{"rendered":"<p><a href=\"https:\/\/www.radiolimari.cl\/wp-content\/uploads\/2020\/10\/27.10-Agricola-Paso-a-Paso.jpeg\"><img fetchpriority=\"high\" decoding=\"async\" class=\"alignnone size-medium wp-image-4006\" src=\"https:\/\/www.radiolimari.cl\/wp-content\/uploads\/2020\/10\/27.10-Agricola-Paso-a-Paso-300x225.jpeg\" alt=\"27.10 Agricola Paso a Paso\" width=\"300\" height=\"225\" srcset=\"https:\/\/www.radiolimari.cl\/wp-content\/uploads\/2020\/10\/27.10-Agricola-Paso-a-Paso-300x225.jpeg 300w, https:\/\/www.radiolimari.cl\/wp-content\/uploads\/2020\/10\/27.10-Agricola-Paso-a-Paso.jpeg 1024w\" sizes=\"(max-width: 300px) 100vw, 300px\" \/><\/a><\/p>\n<p><strong><em>El objetivo es que los actores del mundo laboral conozcan y sepan c\u00f3mo prevenir contagios en los lugares de trabajo en tiempos de pandemia.<\/em><\/strong><!--more--><\/p>\n<p>Una visita en terreno realiz\u00f3 el Seremi del trabajo, Mat\u00edas Villalobos, junto con la secretaria ejecutiva de la Sociedad Agr\u00edcola del Norte (SAN) Daniela Norambuena, para verificar las medidas y protocolos implementados por el sector agr\u00edcola para la prevenci\u00f3n de contagios de Coronavirus en el contexto laboral.<\/p>\n<p>En la oportunidad la autoridad laboral dio a conocer el Formulario \u00danico de Fiscalizaci\u00f3n en el marco del Plan Paso a Paso Laboral y que tiene como objeto establecer las medidas preventivas, que tanto empleadores como trabajadores, deben adoptar para disminuir los riesgos de contagio de Coronavirus.<\/p>\n<p>\u201cHemos visitado faenas agr\u00edcolas para ver los protocolos que han implementado, que se sigan cumpliendo las medidas de higiene y seguridad para resguardar eficazmente la salud de los trabajadores y trabajadoras y de esa forma minimizar los riesgos de contagio de Covid-19 en un contexto laboral. Desde el Ministerio del Trabajo estamos promoviendo el conocimiento de este formulario \u00fanico de fiscalizaci\u00f3n, para que tanto trabajadores como empleadores sepan que es lo que deben cumplir como m\u00ednimo en materia de prevenci\u00f3n de Covid19 en un contexto laboral\u201d, explic\u00f3 Mat\u00edas Villalobos.<\/p>\n<p>En visita a la agr\u00edcola Saturno, cuya producci\u00f3n principal es la exportaci\u00f3n de c\u00edtricos como limones, clementinas, mandarinas y naranjas, adem\u00e1s de otros cultivos para el mercado nacional como chirimoyas y uvas vin\u00edferas, tanto el Seremi del Trabajo como desde el mundo gremial agr\u00edcola, hicieron un llamado a los empleadores, trabajadores y poblaci\u00f3n en general, a no relajarse y continuar tomando todas las medidas de prevenci\u00f3n para continuar evitando las situaciones de contagio por COVID-19.<\/p>\n<p>En este sentido, Daniela Norambuena, coment\u00f3 que \u201cdesde la Sociedad Agr\u00edcola del Norte hemos estado preocupado siempre que todos los protocolos dirigidos desde la autoridad sanitaria como laboral, puedan implementase en todos los sectores de campo en nuestra regi\u00f3n. Y en ese sentido, hemos visitado a uno de nuestros asociados, quienes han participado coherentemente, en todo este proceso y que efectivamente viene a proteger no s\u00f3lo al agricultor, sino tambi\u00e9n al trabajador y sus familias, lo que es fundamental en una situaci\u00f3n que estamos viviendo a nivel mundial.\u00a0 As\u00ed que desde nosotros desde el \u00e1mbito gremial vamos a seguir difundiendo y apoyando todo este tipo de protocolos para seguir mejorando y que la pr\u00f3xima temporada agr\u00edcola pueda seguir avanzando para poder alimentar a todas las familias, no s\u00f3lo del pa\u00eds, sino tambi\u00e9n del mundo\u201d.<\/p>\n<p>El plan Paso a Paso Laboral contiene recomendaciones sectoriales que entrega una ficha de actuaci\u00f3n en el lugar de trabajo espec\u00edficamente para el sector agr\u00edcola, que incluye medidas obligatorias de autocuidado, capacidad de entrada y salida de planta o faenas, as\u00ed como medidas de higiene y organizaci\u00f3n del trabajo, entre otras.<\/p>\n<p>Por su parte Javiera Ruiz, de agr\u00edcola Saturno, detall\u00f3 las acciones de prevenci\u00f3n adoptadas que les ha permitido funcionar en tiempos de pandemia y dijo que \u201clas medidas que hemos tomado b\u00e1sicamente parten desde el lavado de manos, aforos m\u00ednimos en packing y campos, uso alcohol gel, turnos diferidos de almuerzo y en los packing, adem\u00e1s de todas las medidas necesarias para poder seguir cumpliendo y lograr llevar todos los alimentos que producimos a la mesa de todos nosotros\u201d.<\/p>\n<p>Finalmente, el Seremi del Trabajo, Mat\u00edas Villalobos, manifest\u00f3 que \u201cel llamado que hemos realizado a los empleadores es a cumplir siempre con la normativa laboral y a resguardar eficazmente la salud y seguridad de los trabajadores y trabajadoras, por lo mismo hemos hecho \u00e9nfasis en no descuidar las medidas de prevenci\u00f3n de tal forma de no retroceder en lo avanzado\u201d.<\/p>\n<p>&nbsp;<\/p>\n<p>&nbsp;<\/p>\n","protected":false},"excerpt":{"rendered":"<p>El objetivo es que los actores del mundo laboral conozcan y sepan c\u00f3mo prevenir contagios en los lugares de trabajo en tiempos de pandemia.<\/p>\n","protected":false},"author":2,"featured_media":4006,"comment_status":"open","ping_status":"open","sticky":false,"template":"","format":"standard","meta":{"footnotes":""},"categories":[6],"tags":[],"class_list":["post-4005","post","type-post","status-publish","format-standard","has-post-thumbnail","hentry","category-regionales"],"_links":{"self":[{"href":"https:\/\/www.radiolimari.cl\/index.php?rest_route=\/wp\/v2\/posts\/4005","targetHints":{"allow":["GET"]}}],"collection":[{"href":"https:\/\/www.radiolimari.cl\/index.php?rest_route=\/wp\/v2\/posts"}],"about":[{"href":"https:\/\/www.radiolimari.cl\/index.php?rest_route=\/wp\/v2\/types\/post"}],"author":[{"embeddable":true,"href":"https:\/\/www.radiolimari.cl\/index.php?rest_route=\/wp\/v2\/users\/2"}],"replies":[{"embeddable":true,"href":"https:\/\/www.radiolimari.cl\/index.php?rest_route=%2Fwp%2Fv2%2Fcomments&post=4005"}],"version-history":[{"count":1,"href":"https:\/\/www.radiolimari.cl\/index.php?rest_route=\/wp\/v2\/posts\/4005\/revisions"}],"predecessor-version":[{"id":4007,"href":"https:\/\/www.radiolimari.cl\/index.php?rest_route=\/wp\/v2\/posts\/4005\/revisions\/4007"}],"wp:featuredmedia":[{"embeddable":true,"href":"https:\/\/www.radiolimari.cl\/index.php?rest_route=\/wp\/v2\/media\/4006"}],"wp:attachment":[{"href":"https:\/\/www.radiolimari.cl\/index.php?rest_route=%2Fwp%2Fv2%2Fmedia&parent=4005"}],"wp:term":[{"taxonomy":"category","embeddable":true,"href":"https:\/\/www.radiolimari.cl\/index.php?rest_route=%2Fwp%2Fv2%2Fcategories&post=4005"},{"taxonomy":"post_tag","embeddable":true,"href":"https:\/\/www.radiolimari.cl\/index.php?rest_route=%2Fwp%2Fv2%2Ftags&post=4005"}],"curies":[{"name":"wp","href":"https:\/\/api.w.org\/{rel}","templated":true}]}}