{"id":4003,"date":"2020-10-27T17:45:56","date_gmt":"2020-10-27T17:45:56","guid":{"rendered":"http:\/\/www.radiolimari.cl\/?p=4003"},"modified":"2020-10-27T17:45:56","modified_gmt":"2020-10-27T17:45:56","slug":"corona-virus-region-de-coquimbo-registra-la-cifra-mas-baja-de-casos-activos-en-5-meses","status":"publish","type":"post","link":"https:\/\/www.radiolimari.cl\/?p=4003","title":{"rendered":"#Corona Virus: Regi\u00f3n de Coquimbo registra la cifra m\u00e1s baja de casos activos en 5 meses"},"content":{"rendered":"<p><a href=\"https:\/\/www.radiolimari.cl\/wp-content\/uploads\/2020\/10\/NOTICIAS-EN-LIMARI-ULTIMA-HORA-CORONA-VIRUS-20.07.2020.jpg\"><img decoding=\"async\" class=\"alignnone size-medium wp-image-3973\" src=\"https:\/\/www.radiolimari.cl\/wp-content\/uploads\/2020\/10\/NOTICIAS-EN-LIMARI-ULTIMA-HORA-CORONA-VIRUS-20.07.2020-300x150.jpg\" alt=\"NOTICIAS EN LIMARI ULTIMA HORA CORONA VIRUS 20.07.2020\" width=\"300\" height=\"150\" srcset=\"https:\/\/www.radiolimari.cl\/wp-content\/uploads\/2020\/10\/NOTICIAS-EN-LIMARI-ULTIMA-HORA-CORONA-VIRUS-20.07.2020-300x150.jpg 300w, https:\/\/www.radiolimari.cl\/wp-content\/uploads\/2020\/10\/NOTICIAS-EN-LIMARI-ULTIMA-HORA-CORONA-VIRUS-20.07.2020-1024x512.jpg 1024w, https:\/\/www.radiolimari.cl\/wp-content\/uploads\/2020\/10\/NOTICIAS-EN-LIMARI-ULTIMA-HORA-CORONA-VIRUS-20.07.2020.jpg 1148w\" sizes=\"(max-width: 300px) 100vw, 300px\" \/><\/a><\/p>\n<ul>\n<li><strong><em>Se informaron 4 casos nuevos de Covid, mientras que la Red Asistencial presenta 36 pacientes.<\/em><\/strong><\/li>\n<\/ul>\n<p><!--more--><\/p>\n<p>La cifra m\u00e1s baja de casos activos desde el mes de mayo present\u00f3 la regi\u00f3n de Coquimbo este martes 27 de octubre, seg\u00fan informaron las autoridades locales luego de un nuevo reporte sanitario.<\/p>\n<p>\u201cQuiero destacar principalmente la importante baja que ha experimentado la regi\u00f3n en la cantidad de casos activos, que es de solo 112 personas que presentan el contagio, la cifra m\u00e1s baja que hemos tenido en los \u00faltimos cinco meses\u201d, se\u00f1al\u00f3 el Seremi de Salud, Alejandro Garc\u00eda.<\/p>\n<p>En relaci\u00f3n a los nuevos contagios, la Autoridad Sanitaria inform\u00f3 4 casos, correspondientes a las comunas de Coquimbo (2), Los Vilos (1) y Salamanca (1), llegando a un total de 12.612 casos acumulados.<\/p>\n<p>Sobre la estrategia de Residencias Sanitarias, la autoridad de Salud reiter\u00f3 el llamado a las personas confirmadas y sospechosas de Covid_19 para que puedan gestionar su ingreso a estos recintos. \u201cSi no tienes un lugar donde realizar tu cuarentena en forma efectiva, debes llamar inmediatamente a nuestra l\u00ednea telef\u00f3nica 800 726 666\u201d, puntualiz\u00f3 el Seremi Garc\u00eda.<\/p>\n<p>Por su parte, la doctora Alejandra \u00c1lvarez, Subdirectora de Gesti\u00f3n Asistencial del Servicio de Salud Coquimbo, se refiri\u00f3 al n\u00famero de camas disponibles actualmente en la regi\u00f3n de Coquimbo. \u201cHoy nuestra Red Asistencial cuenta con un 76% de ocupaci\u00f3n. Es decir, de las 1.166 camas de dotaci\u00f3n, 278 se encuentran disponibles. En relaci\u00f3n a las camas de las Unidades de Pacientes Cr\u00edticos, podemos mencionar que contamos con 5 en la UCI, que son aquellas que tienen ventiladores mec\u00e1nicos y 10 en la UTI\u201d, se\u00f1al\u00f3.<\/p>\n<p>Adem\u00e1s, la autoridad entreg\u00f3 el reporte de pacientes hospitalizados en la regi\u00f3n se\u00f1alando que \u201chay 36 personas internadas por Covid_19, de las cuales 12 se mantienen graves y con requerimiento de ventilaci\u00f3n mec\u00e1nica. Adem\u00e1s, contamos con 18 personas en hospitalizaci\u00f3n domiciliaria producto del virus\u201d, se\u00f1al\u00f3.<\/p>\n<p>En cuanto al personal de salud afectado por el Covid, la Subdirectora de Gesti\u00f3n Asistencial inform\u00f3 que hay 20 funcionarios del Servicio de Salud y de los hospitales que han dado positivo al virus, y 32 se encuentran en cuarentena preventiva. Mientras que en la Atenci\u00f3n Primaria de Salud (APS), 2 funcionarios han dado positivo y 13 se mantienen en cuarentena.<\/p>\n<p>&nbsp;<\/p>\n<p><strong>BALANCE REGI\u00d3N DE COQUIMBO<\/strong><\/p>\n<p><strong>Martes 27 de octubre<\/strong><\/p>\n<p>04 casos nuevos<\/p>\n<p>12.612 casos acumulados<\/p>\n<p>112 casos activos<\/p>\n<p>240 fallecidos<\/p>\n<p>Detalle casos nuevos por comuna:<\/p>\n<ul>\n<li>02 de Coquimbo<\/li>\n<li>01 de Los Vilos<\/li>\n<li>01 de Salamanca<\/li>\n<\/ul>\n<p>Hospitalizados: 36 pacientes<\/p>\n<p>Residencias Sanitarias: 23% de ocupaci\u00f3n<\/p>\n","protected":false},"excerpt":{"rendered":"<p>Se informaron 4 casos nuevos de Covid, mientras que la Red Asistencial presenta 36 pacientes.<\/p>\n","protected":false},"author":2,"featured_media":3973,"comment_status":"open","ping_status":"open","sticky":false,"template":"","format":"standard","meta":{"footnotes":""},"categories":[3],"tags":[],"class_list":["post-4003","post","type-post","status-publish","format-standard","has-post-thumbnail","hentry","category-actualidad"],"_links":{"self":[{"href":"https:\/\/www.radiolimari.cl\/index.php?rest_route=\/wp\/v2\/posts\/4003","targetHints":{"allow":["GET"]}}],"collection":[{"href":"https:\/\/www.radiolimari.cl\/index.php?rest_route=\/wp\/v2\/posts"}],"about":[{"href":"https:\/\/www.radiolimari.cl\/index.php?rest_route=\/wp\/v2\/types\/post"}],"author":[{"embeddable":true,"href":"https:\/\/www.radiolimari.cl\/index.php?rest_route=\/wp\/v2\/users\/2"}],"replies":[{"embeddable":true,"href":"https:\/\/www.radiolimari.cl\/index.php?rest_route=%2Fwp%2Fv2%2Fcomments&post=4003"}],"version-history":[{"count":1,"href":"https:\/\/www.radiolimari.cl\/index.php?rest_route=\/wp\/v2\/posts\/4003\/revisions"}],"predecessor-version":[{"id":4004,"href":"https:\/\/www.radiolimari.cl\/index.php?rest_route=\/wp\/v2\/posts\/4003\/revisions\/4004"}],"wp:featuredmedia":[{"embeddable":true,"href":"https:\/\/www.radiolimari.cl\/index.php?rest_route=\/wp\/v2\/media\/3973"}],"wp:attachment":[{"href":"https:\/\/www.radiolimari.cl\/index.php?rest_route=%2Fwp%2Fv2%2Fmedia&parent=4003"}],"wp:term":[{"taxonomy":"category","embeddable":true,"href":"https:\/\/www.radiolimari.cl\/index.php?rest_route=%2Fwp%2Fv2%2Fcategories&post=4003"},{"taxonomy":"post_tag","embeddable":true,"href":"https:\/\/www.radiolimari.cl\/index.php?rest_route=%2Fwp%2Fv2%2Ftags&post=4003"}],"curies":[{"name":"wp","href":"https:\/\/api.w.org\/{rel}","templated":true}]}}