{"id":3997,"date":"2020-10-27T14:19:56","date_gmt":"2020-10-27T14:19:56","guid":{"rendered":"http:\/\/www.radiolimari.cl\/?p=3997"},"modified":"2020-10-27T14:19:56","modified_gmt":"2020-10-27T14:19:56","slug":"seremi-de-energia-recorre-construccion-de-nueva-planta-solar-en-ovalle","status":"publish","type":"post","link":"https:\/\/www.radiolimari.cl\/?p=3997","title":{"rendered":"Seremi de Energ\u00eda recorre construcci\u00f3n de nueva planta solar en Ovalle"},"content":{"rendered":"<p><a href=\"https:\/\/www.radiolimari.cl\/wp-content\/uploads\/2020\/10\/27.10-energia-Ovalle-norte.jpeg\"><img fetchpriority=\"high\" decoding=\"async\" class=\"alignnone size-medium wp-image-3998\" src=\"https:\/\/www.radiolimari.cl\/wp-content\/uploads\/2020\/10\/27.10-energia-Ovalle-norte-300x225.jpeg\" alt=\"27.10 energia Ovalle norte\" width=\"300\" height=\"225\" srcset=\"https:\/\/www.radiolimari.cl\/wp-content\/uploads\/2020\/10\/27.10-energia-Ovalle-norte-300x225.jpeg 300w, https:\/\/www.radiolimari.cl\/wp-content\/uploads\/2020\/10\/27.10-energia-Ovalle-norte-1024x768.jpeg 1024w, https:\/\/www.radiolimari.cl\/wp-content\/uploads\/2020\/10\/27.10-energia-Ovalle-norte.jpeg 1280w\" sizes=\"(max-width: 300px) 100vw, 300px\" \/><\/a><\/p>\n<p><b style=\"color: #000000;\"><i>Secretario regional, \u00c1lvaro Herrera, valor\u00f3 la futura entrada en operaci\u00f3n de la central solar Ovalle Norte, la que aportar\u00e1 generaci\u00f3n renovable al Sistema El\u00e9ctrico Nacional<\/i><\/b><!--more--><\/p>\n<div style=\"color: #000000;\">El sector energ\u00e9tico est\u00e1 dando se\u00f1ales concretas de dinamismo y aporte a la reactivaci\u00f3n econ\u00f3mica de la Regi\u00f3n de Coquimbo y el pa\u00eds en estos tiempos de pandemia. As\u00ed lo constat\u00f3 el Seremi de Energ\u00eda, \u00c1lvaro Herrera, al verificar el inicio de la construcci\u00f3n del parque fotovoltaico Ovalle Norte.<\/div>\n<div style=\"color: #000000;\"><\/div>\n<div style=\"color: #000000;\">La central del grupo Solex tiene una inversi\u00f3n de 11 millones de d\u00f3lares, cuenta con una potencia de 9 MW, y estar\u00e1 emplazado sobre una superficie de 20 hect\u00e1reas para aportar con generaci\u00f3n limpia y renovable al consumo el\u00e9ctrico de la provincia de Limar\u00ed y la Regi\u00f3n. La fecha de conexi\u00f3n parcial del proyecto est\u00e1 prevista para noviembre.<\/div>\n<div style=\"color: #000000;\"><\/div>\n<div style=\"color: #000000;\">El Seremi de Energ\u00eda, \u00c1lvaro Herrera, coment\u00f3 que \u201cnos tiene muy contentos que este tipo de proyectos, peque\u00f1os medios de generaci\u00f3n distribuida, se hagan parte y proliferen en las 15 comunas de nuestra Regi\u00f3n. Son proyectos que vienen a sumar energ\u00eda limpia, renovable a nuestra matriz energ\u00e9tica nacional. Y tambi\u00e9n con ello nos permite avanzar en el desaf\u00edo que fij\u00f3 el Presidente Pi\u00f1era, la descarbonizaci\u00f3n de nuestro pa\u00eds y alcanzar la carbono-neutralidad.<\/div>\n<div style=\"color: #000000;\"><\/div>\n<div style=\"color: #000000;\">Somos un pa\u00eds privilegiado y una regi\u00f3n tremendamente rica en la calidad de la radiaci\u00f3n y la fuerza del viento, es por ello que esperamos, hoy m\u00e1s que nunca, que estos buenos proyectos sigan encontrando un buen puerto en nuestra zona\u201d.<\/div>\n<div style=\"color: #000000;\">La autoridad subray\u00f3 que \u201ca medida que avance el Plan de Descarbonizaci\u00f3n se ir\u00e1 dejando de lado la generaci\u00f3n en base a hidrocarburos, y esto debe ser suplido por energ\u00edas limpias que claramente es el camino que tiene nuestro pa\u00eds, con proyectos e\u00f3licos y fotovoltaicos en pleno construcci\u00f3n y desarrollo\u201d.<\/div>\n<div style=\"color: #000000;\"><\/div>\n<div style=\"color: #000000;\">Por su parte, V\u00edctor Opazo, Gerente General de Solex, indic\u00f3 que \u201cOvalle Norte es uno de nuestros proyectos importantes en la zona y parte de una cartera propia m\u00e1s grande, de entre 300 y 500 MW, desde la Cuarta hasta la Octava Regi\u00f3n para ser construida en los pr\u00f3ximos dos a\u00f1os\u201d.<\/div>\n<div style=\"color: #000000;\"><\/div>\n<div style=\"color: #000000;\">En t\u00e9rminos del aporte a la reactivaci\u00f3n econ\u00f3mica, sostuvo que \u201cen estos dos a\u00f1os en que se van a realizar estas inversiones, se contribuir\u00e1 a la mano de obra local; se est\u00e1 contratando el 80 por ciento a personas de cada zona, y posteriormente se va a necesitar personas calificadas para toda la operaci\u00f3n y mantenimiento\u201d.<\/div>\n<div class=\"yj6qo\" style=\"color: #000000;\"><\/div>\n<p>&nbsp;<\/p>\n","protected":false},"excerpt":{"rendered":"<p>Secretario regional, \u00c1lvaro Herrera, valor\u00f3 la futura entrada en operaci\u00f3n de la central solar Ovalle Norte, la que aportar\u00e1 generaci\u00f3n renovable al Sistema El\u00e9ctrico Nacional<\/p>\n","protected":false},"author":2,"featured_media":3998,"comment_status":"open","ping_status":"open","sticky":false,"template":"","format":"standard","meta":{"footnotes":""},"categories":[5],"tags":[],"class_list":["post-3997","post","type-post","status-publish","format-standard","has-post-thumbnail","hentry","category-actualidad-limarina"],"_links":{"self":[{"href":"https:\/\/www.radiolimari.cl\/index.php?rest_route=\/wp\/v2\/posts\/3997","targetHints":{"allow":["GET"]}}],"collection":[{"href":"https:\/\/www.radiolimari.cl\/index.php?rest_route=\/wp\/v2\/posts"}],"about":[{"href":"https:\/\/www.radiolimari.cl\/index.php?rest_route=\/wp\/v2\/types\/post"}],"author":[{"embeddable":true,"href":"https:\/\/www.radiolimari.cl\/index.php?rest_route=\/wp\/v2\/users\/2"}],"replies":[{"embeddable":true,"href":"https:\/\/www.radiolimari.cl\/index.php?rest_route=%2Fwp%2Fv2%2Fcomments&post=3997"}],"version-history":[{"count":1,"href":"https:\/\/www.radiolimari.cl\/index.php?rest_route=\/wp\/v2\/posts\/3997\/revisions"}],"predecessor-version":[{"id":3999,"href":"https:\/\/www.radiolimari.cl\/index.php?rest_route=\/wp\/v2\/posts\/3997\/revisions\/3999"}],"wp:featuredmedia":[{"embeddable":true,"href":"https:\/\/www.radiolimari.cl\/index.php?rest_route=\/wp\/v2\/media\/3998"}],"wp:attachment":[{"href":"https:\/\/www.radiolimari.cl\/index.php?rest_route=%2Fwp%2Fv2%2Fmedia&parent=3997"}],"wp:term":[{"taxonomy":"category","embeddable":true,"href":"https:\/\/www.radiolimari.cl\/index.php?rest_route=%2Fwp%2Fv2%2Fcategories&post=3997"},{"taxonomy":"post_tag","embeddable":true,"href":"https:\/\/www.radiolimari.cl\/index.php?rest_route=%2Fwp%2Fv2%2Ftags&post=3997"}],"curies":[{"name":"wp","href":"https:\/\/api.w.org\/{rel}","templated":true}]}}