{"id":3981,"date":"2020-10-23T14:35:45","date_gmt":"2020-10-23T14:35:45","guid":{"rendered":"http:\/\/www.radiolimari.cl\/?p=3981"},"modified":"2020-10-23T14:35:45","modified_gmt":"2020-10-23T14:35:45","slug":"cyber-week-coquimbo-recibio-17-millones-de-vistas","status":"publish","type":"post","link":"https:\/\/www.radiolimari.cl\/?p=3981","title":{"rendered":"Cyber Week Coquimbo recibi\u00f3 1,7 millones de vistas"},"content":{"rendered":"<p><a href=\"https:\/\/www.radiolimari.cl\/wp-content\/uploads\/2020\/10\/23.10-ciber-week.jpg\"><img fetchpriority=\"high\" decoding=\"async\" class=\"alignnone size-medium wp-image-3982\" src=\"https:\/\/www.radiolimari.cl\/wp-content\/uploads\/2020\/10\/23.10-ciber-week-300x300.jpg\" alt=\"23.10 ciber week\" width=\"300\" height=\"300\" srcset=\"https:\/\/www.radiolimari.cl\/wp-content\/uploads\/2020\/10\/23.10-ciber-week-300x300.jpg 300w, https:\/\/www.radiolimari.cl\/wp-content\/uploads\/2020\/10\/23.10-ciber-week-150x150.jpg 150w, https:\/\/www.radiolimari.cl\/wp-content\/uploads\/2020\/10\/23.10-ciber-week-70x70.jpg 70w, https:\/\/www.radiolimari.cl\/wp-content\/uploads\/2020\/10\/23.10-ciber-week.jpg 800w\" sizes=\"(max-width: 300px) 100vw, 300px\" \/><\/a><\/p>\n<p><em>La vitrina con ofertas y descuentos para visitar la regi\u00f3n tuvo una balance positivo entre empresarios tur\u00edsticos. Los datos obtenidos durante el evento permitir\u00e1n tambi\u00e9n perfilar de otra forma los nuevos esfuerzos para promocionar la regi\u00f3n de Coquimbo.<\/em><!--more--><\/p>\n<p>Un intenso tr\u00e1fico de visitas tuvo el evento digital Cyber Week Coquimbo, que promovi\u00f3 ofertas y descuentos en bienes y servicios tur\u00edsticos de la regi\u00f3n. De hecho, las acciones de difusi\u00f3n de la actividad, que se aloj\u00f3 en la web www.escapatecoquimbo.cl, recibieron 1,7 millones de vistas.<\/p>\n<p>La vitrina cont\u00f3 con promociones de hasta 60% de descuento y pasajes a\u00e9reos para viajar a la zona desde los $1.990. Fue tal el entusiasmo que de acuerdo al balance realizado por la organizaci\u00f3n hubo tr\u00e1fico desde varias regiones del pa\u00eds, concentr\u00e1ndose el inter\u00e9s en turistas de Santiago, Concepci\u00f3n y de la propia regi\u00f3n de Coquimbo.<\/p>\n<p>El inter\u00e9s por el Cyber Week Coquimbo llev\u00f3 que sus fechas originales -del 28 de septiembre al 4 de octubre- se extendieran por otros siete d\u00edas.<\/p>\n<p>El evento fue organizado por la Corporaci\u00f3n Regional de Desarrollo Productivo (CRDP), Gore Coquimbo y Sernatur, como una forma de fomentar la reactivaci\u00f3n de la industria tur\u00edstica local una vez que la pandemia pase y las restricciones de desplazamiento se terminen. Por ello, las ofertas que las personas adquirieron en el evento podr\u00e1n ser canjeadas desde el 1 de noviembre y hasta el 31 de marzo del 2021.<\/p>\n<p>Entre los datos relevantes obtenidos luego del evento se observa que la mayor cantidad de interesados se concentra desde los 35 a\u00f1os y, en mayor parte, mujeres.<\/p>\n<p>\u201cEsos antecedentes son relevantes pues nos muestran el perfil de las personas interesadas en visitar la regi\u00f3n. Entonces con la gran cantidad de informaciones que poseemos ahora podemos focalizar mucho mejor las acciones de difusi\u00f3n para promover la regi\u00f3n de Coquimbo. Sabemos tambi\u00e9n, por ejemplo, que hay un inter\u00e9s en ascenso por las actividades de wellness y, por supuesto, lo que m\u00e1s se busca son alojamientos y gastronom\u00eda\u201d, detalla Manuel Schneider, gerente de la Corporaci\u00f3n Regional de Desarrollo Productivo (CRDP).<\/p>\n<p>Para la directora regional de Sernatur, Ang\u00e9lica Funes, el balance de esta primera instancia es bastante positivo. \u201cLa cantidad de empresas que participaron no fue menor, m\u00e1s de 90 empresas con al menos 100 ofertas nos muestra que nuestros empresarios est\u00e1n preparados para este tipo de desaf\u00edos, as\u00ed como tambi\u00e9n los resultados del cyber respecto a las ventas de las empresas,\u00a0 nos indica que existe un inter\u00e9s por visitar la regi\u00f3n una vez que est\u00e9n las condiciones dadas para ello. Es por \u00a0\u00a0\u00a0\u00a0\u00a0\u00a0\u00a0\u00a0\u00a0\u00a0\u00a0\u00a0\u00a0\u00a0\u00a0\u00a0\u00a0\u00a0\u00a0\u00a0\u00a0\u00a0\u00a0\u00a0\u00a0\u00a0\u00a0\u00a0\u00a0\u00a0\u00a0\u00a0\u00a0\u00a0\u00a0\u00a0\u00a0\u00a0\u00a0\u00a0esto, que queremos repetir la actividad, generando m\u00e1s publicidad en los mercados objetivos y obviamente nivelando a nuestros empresarios respecto a la digitalizaci\u00f3n de su oferta\u201d, agreg\u00f3.<\/p>\n<p>&nbsp;<\/p>\n<p><strong>Experiencias positivas<\/strong><\/p>\n<p>Entre los empresarios\u00a0\u00a0\u00a0 \u00a0participantes hubo resultados destacables.<\/p>\n<p>JetSmart, aerol\u00ednea que ofert\u00f3 pasajes a La Serena desde los $1.990, comentaron que tuvieron ventas sobre el 50% de lo esperado. La mayor\u00eda de los pasajes comprados son para utilizar en lo que resta del a\u00f1o y la principal procedencia son personas de Antofagasta yu Calama.<\/p>\n<p>Desde el parque recreacional Ripaluna, en Paihuano, su gerente Ricardo Calder\u00f3n, destac\u00f3 que \u201cfue una buena experiencia, pues sirvi\u00f3 para posicionarnos dentro de un grupo de empresarios del sector tur\u00edstico y mostrar nuestra alternativa de entretenci\u00f3n que es distinta al resto. Concretamos hartas ventas porque al ser un 50% de descuento la gente se entusiasm\u00f3 harto\u201d.<\/p>\n<p>Juan Pablo Hern\u00e1ndez, de la Hacienda Santa Cristina, valor\u00f3 que se realizara una actividad de este tipo durante la pandemia y tambi\u00e9n \u201cla visibilidad. Se concretaron ventas de paquetes tur\u00edsticos. A otros socios, tambi\u00e9n empresarios y peque\u00f1os emprendedores de la regi\u00f3n lo pudieron hacer (\u2026) lo a\u00fan m\u00e1s valioso fue la visibilidad de nuestros emprendimientos. La publicidad que hizo la CRDP en distintos medios, radio, TV, hizo que mucha gente interactuara y ahora saben las empresas que hay en la zona y los productos que ofrecen\u201d.<\/p>\n<p>Y uno de los temas que el dirigente visualiz\u00f3 luego del Cyber fue la brecha del empresariado regional en temas de digitalizaci\u00f3n. Para ello, pidi\u00f3 que se puedan seguir con acciones de capacitaci\u00f3n y tambi\u00e9n mejorando en cuanto a accesibilidad para zonas aisladas. \u201cCon el Cyber Week emprendimientos que est\u00e1n en sectores alejados pueden mostrarse al p\u00fablico y hacerse conocidos con sus ofertas interesantes y novedosas en otros lados de la regi\u00f3n, pero estaban invisibilizados\u201d, a\u00f1adi\u00f3.<\/p>\n<p>&nbsp;<\/p>\n","protected":false},"excerpt":{"rendered":"<p>La vitrina con ofertas y descuentos para visitar la regi\u00f3n tuvo una balance positivo entre empresarios tur\u00edsticos. Los datos obtenidos durante el evento permitir\u00e1n tambi\u00e9n perfilar de otra forma los nuevos esfuerzos para promocionar la regi\u00f3n de Coquimbo.<\/p>\n","protected":false},"author":2,"featured_media":3982,"comment_status":"open","ping_status":"open","sticky":false,"template":"","format":"standard","meta":{"footnotes":""},"categories":[6],"tags":[],"class_list":["post-3981","post","type-post","status-publish","format-standard","has-post-thumbnail","hentry","category-regionales"],"_links":{"self":[{"href":"https:\/\/www.radiolimari.cl\/index.php?rest_route=\/wp\/v2\/posts\/3981","targetHints":{"allow":["GET"]}}],"collection":[{"href":"https:\/\/www.radiolimari.cl\/index.php?rest_route=\/wp\/v2\/posts"}],"about":[{"href":"https:\/\/www.radiolimari.cl\/index.php?rest_route=\/wp\/v2\/types\/post"}],"author":[{"embeddable":true,"href":"https:\/\/www.radiolimari.cl\/index.php?rest_route=\/wp\/v2\/users\/2"}],"replies":[{"embeddable":true,"href":"https:\/\/www.radiolimari.cl\/index.php?rest_route=%2Fwp%2Fv2%2Fcomments&post=3981"}],"version-history":[{"count":1,"href":"https:\/\/www.radiolimari.cl\/index.php?rest_route=\/wp\/v2\/posts\/3981\/revisions"}],"predecessor-version":[{"id":3983,"href":"https:\/\/www.radiolimari.cl\/index.php?rest_route=\/wp\/v2\/posts\/3981\/revisions\/3983"}],"wp:featuredmedia":[{"embeddable":true,"href":"https:\/\/www.radiolimari.cl\/index.php?rest_route=\/wp\/v2\/media\/3982"}],"wp:attachment":[{"href":"https:\/\/www.radiolimari.cl\/index.php?rest_route=%2Fwp%2Fv2%2Fmedia&parent=3981"}],"wp:term":[{"taxonomy":"category","embeddable":true,"href":"https:\/\/www.radiolimari.cl\/index.php?rest_route=%2Fwp%2Fv2%2Fcategories&post=3981"},{"taxonomy":"post_tag","embeddable":true,"href":"https:\/\/www.radiolimari.cl\/index.php?rest_route=%2Fwp%2Fv2%2Ftags&post=3981"}],"curies":[{"name":"wp","href":"https:\/\/api.w.org\/{rel}","templated":true}]}}