{"id":3975,"date":"2020-10-22T18:18:30","date_gmt":"2020-10-22T18:18:30","guid":{"rendered":"http:\/\/www.radiolimari.cl\/?p=3975"},"modified":"2020-10-22T18:18:30","modified_gmt":"2020-10-22T18:18:30","slug":"canela-albergara-el-primer-centro-agropecuario-caprino-de-la-region","status":"publish","type":"post","link":"https:\/\/www.radiolimari.cl\/?p=3975","title":{"rendered":"CANELA ALBERGAR\u00c1 EL PRIMER CENTRO AGROPECUARIO CAPRINO DE LA REGI\u00d3N"},"content":{"rendered":"<p><a href=\"https:\/\/www.radiolimari.cl\/wp-content\/uploads\/2020\/10\/22.10-canela-caprimo.jpg\"><img decoding=\"async\" class=\"alignnone size-medium wp-image-3976\" src=\"https:\/\/www.radiolimari.cl\/wp-content\/uploads\/2020\/10\/22.10-canela-caprimo-300x143.jpg\" alt=\"22.10 canela caprimo\" width=\"300\" height=\"143\" srcset=\"https:\/\/www.radiolimari.cl\/wp-content\/uploads\/2020\/10\/22.10-canela-caprimo-300x143.jpg 300w, https:\/\/www.radiolimari.cl\/wp-content\/uploads\/2020\/10\/22.10-canela-caprimo-1024x489.jpg 1024w, https:\/\/www.radiolimari.cl\/wp-content\/uploads\/2020\/10\/22.10-canela-caprimo.jpg 1280w\" sizes=\"(max-width: 300px) 100vw, 300px\" \/><\/a><\/p>\n<p><span style=\"color: #222222;\">Un 80% de avance posee el centro agropecuario Catahueche, apoyado por Corfo a trav\u00e9s del programa Acelera y del Gobierno Regional por medio del Programa Gesti\u00f3n Territorial de Zonas Rezagadas.<\/span><!--more--><\/p>\n<p style=\"font-weight: 400;\">El centro agropecuario Catahueche, naci\u00f3 como parte del Plan de Desarrollo Rural- Territorial de la Comunidad Agr\u00edcola Canela Baja. Basado en 3 ejes estructurales: Sustentabilidad, Calidad de Vida e Innovaci\u00f3n, propici\u00f3 el fortalecimiento de la organizaci\u00f3n que es una de las 178\u00a0 Comunidades Agr\u00edcolas que en su conjunto representan el 25% de toda la superficie de la regi\u00f3n de Coquimbo.<\/p>\n<p style=\"font-weight: 400;\">Dentro de estas nuevas oportunidades, constituy\u00f3 la sociedad Agro-Ecolog\u00eda CACB SpA, para desarrollar y comercializar innovadores productos aprovechando las altas propiedades de la carne Caprina y bajo colesterol, como hamburguesas, costillar, lomo ahumado entre otros, los que se comercializar\u00e1n bajo la marca Catahueche.<\/p>\n<p style=\"font-weight: 400;\">Actualmente el centro lleva aproximadamente un 80% de avances en sus hitos de inversi\u00f3n, tales como: de construcci\u00f3n red el\u00e9ctrica, red para impulsi\u00f3n de agua potable, red de alcantarillado, central de acopio y construcci\u00f3n de galpones. \u201cPor primera vez en la historia de la Comunidad Agr\u00edcola de Canela Baja se postul\u00f3 a este proyecto que traer\u00e1 muchos beneficios como,\u00a0 mano de obra y la proyecci\u00f3n en la compra de productos a los comuneros, estamos muy agradecidos, es una tremenda oportunidad, no solo para la comunidad de Canela baja, sino que tambi\u00e9n para las dem\u00e1s comunidades\u201d, se\u00f1al\u00f3\u00a0\u00a0 Homero Cortes, Presidente de la de la Comunidad Agr\u00edcola de Canela.<\/p>\n<p style=\"font-weight: 400;\">Por su parte, Daniel Contreras director del Centro Agropecuario indic\u00f3 que, \u201cse est\u00e1n construyendo una serie de galpones que contemplan una\u00a0 f\u00e1brica de alimentos de productos caprinos, como carne mechada y lomo ahumado. Productos con alto valor agregado y que beneficiar\u00e1n a toda la comunidad agr\u00edcola de Canela Baja y sus alrededores\u201d.<\/p>\n<p style=\"font-weight: 400;\">Al respecto, el Director Regional de Corfo, Gregorio Rodr\u00edguez, indic\u00f3 que \u201cesto permitir\u00e1 dar dinamismo a un rubro caracter\u00edstico de la zona; impulsando al sector en la recuperaci\u00f3n econ\u00f3mica a trav\u00e9s de la generaci\u00f3n de nuevos productos derivados de la carne caprina. Desde Canela, estamos viendo c\u00f3mo podemos implementar mejoras al rubro, para entregarle valor a los productos y\u00a0 tener finalmente una industria independiente, aut\u00f3noma y muy productiva\u201d.<\/p>\n<p style=\"font-weight: 400;\">\u201cEs interesante ver como las comunidades se organizan para producir y generar valor agregado\u00a0 a un producto tan t\u00edpico de esta zona como lo es la producci\u00f3n caprina. Creo que este proyecto tiene importantes br\u00edos para seguir creciendo\u201d, se\u00f1al\u00f3 el Gerente de redes y Competitividad de Corfo, Claudio Valenzuela.<\/p>\n<p style=\"font-weight: 400;\">La iniciativa, que tambi\u00e9n es apoyada a trav\u00e9s del Programa Territorial Integrado Caprino de Corfo, que cuenta con el financiamiento del Gobierno Regional a trav\u00e9s del Programa Gesti\u00f3n Territorial de Zonas Rezagadas, permite contribuir al aumento de la competitividad,\u00a0 a trav\u00e9s del \u00a0apalancamiento de recursos econ\u00f3micos para la materializaci\u00f3n de inversiones productivas como tambi\u00e9n mediante la realizaci\u00f3n de estudios que permitan orientar a los beneficiarios la toma de decisiones estrat\u00e9gicas para el desarrollo de sus negocios.<\/p>\n","protected":false},"excerpt":{"rendered":"<p>Un 80% de avance posee el centro agropecuario Catahueche, apoyado por Corfo a trav\u00e9s del programa Acelera y del Gobierno Regional por medio del Programa Gesti\u00f3n Territorial de Zonas Rezagadas.<\/p>\n","protected":false},"author":2,"featured_media":3976,"comment_status":"open","ping_status":"open","sticky":false,"template":"","format":"standard","meta":{"footnotes":""},"categories":[6],"tags":[],"class_list":["post-3975","post","type-post","status-publish","format-standard","has-post-thumbnail","hentry","category-regionales"],"_links":{"self":[{"href":"https:\/\/www.radiolimari.cl\/index.php?rest_route=\/wp\/v2\/posts\/3975","targetHints":{"allow":["GET"]}}],"collection":[{"href":"https:\/\/www.radiolimari.cl\/index.php?rest_route=\/wp\/v2\/posts"}],"about":[{"href":"https:\/\/www.radiolimari.cl\/index.php?rest_route=\/wp\/v2\/types\/post"}],"author":[{"embeddable":true,"href":"https:\/\/www.radiolimari.cl\/index.php?rest_route=\/wp\/v2\/users\/2"}],"replies":[{"embeddable":true,"href":"https:\/\/www.radiolimari.cl\/index.php?rest_route=%2Fwp%2Fv2%2Fcomments&post=3975"}],"version-history":[{"count":1,"href":"https:\/\/www.radiolimari.cl\/index.php?rest_route=\/wp\/v2\/posts\/3975\/revisions"}],"predecessor-version":[{"id":3977,"href":"https:\/\/www.radiolimari.cl\/index.php?rest_route=\/wp\/v2\/posts\/3975\/revisions\/3977"}],"wp:featuredmedia":[{"embeddable":true,"href":"https:\/\/www.radiolimari.cl\/index.php?rest_route=\/wp\/v2\/media\/3976"}],"wp:attachment":[{"href":"https:\/\/www.radiolimari.cl\/index.php?rest_route=%2Fwp%2Fv2%2Fmedia&parent=3975"}],"wp:term":[{"taxonomy":"category","embeddable":true,"href":"https:\/\/www.radiolimari.cl\/index.php?rest_route=%2Fwp%2Fv2%2Fcategories&post=3975"},{"taxonomy":"post_tag","embeddable":true,"href":"https:\/\/www.radiolimari.cl\/index.php?rest_route=%2Fwp%2Fv2%2Ftags&post=3975"}],"curies":[{"name":"wp","href":"https:\/\/api.w.org\/{rel}","templated":true}]}}