{"id":3969,"date":"2020-10-22T15:58:31","date_gmt":"2020-10-22T15:58:31","guid":{"rendered":"http:\/\/www.radiolimari.cl\/?p=3969"},"modified":"2020-10-22T15:58:31","modified_gmt":"2020-10-22T15:58:31","slug":"intendente-pablo-herman-y-sociedad-agricola-del-norte-abordan-las-principales-tematicas-del-sector","status":"publish","type":"post","link":"https:\/\/www.radiolimari.cl\/?p=3969","title":{"rendered":"Intendente Pablo Herman y Sociedad Agr\u00edcola del Norte abordan las principales tem\u00e1ticas del sector"},"content":{"rendered":"<p><a href=\"https:\/\/www.radiolimari.cl\/wp-content\/uploads\/2020\/10\/22.10-INTENDENTE-CON-SOCIEDAD-DEL-NORTE.jpeg\"><img fetchpriority=\"high\" decoding=\"async\" class=\"alignnone size-medium wp-image-3970\" src=\"https:\/\/www.radiolimari.cl\/wp-content\/uploads\/2020\/10\/22.10-INTENDENTE-CON-SOCIEDAD-DEL-NORTE-300x225.jpeg\" alt=\"22.10 INTENDENTE CON SOCIEDAD DEL NORTE\" width=\"300\" height=\"225\" srcset=\"https:\/\/www.radiolimari.cl\/wp-content\/uploads\/2020\/10\/22.10-INTENDENTE-CON-SOCIEDAD-DEL-NORTE-300x225.jpeg 300w, https:\/\/www.radiolimari.cl\/wp-content\/uploads\/2020\/10\/22.10-INTENDENTE-CON-SOCIEDAD-DEL-NORTE-1024x768.jpeg 1024w, https:\/\/www.radiolimari.cl\/wp-content\/uploads\/2020\/10\/22.10-INTENDENTE-CON-SOCIEDAD-DEL-NORTE.jpeg 1280w\" sizes=\"(max-width: 300px) 100vw, 300px\" \/><\/a><\/p>\n<p><strong>La preparaci\u00f3n de la temporada agr\u00edcola de cosechas, que genera una gran cantidad de puestos de trabajo cada a\u00f1o, junto con la situaci\u00f3n h\u00eddrica regional y las implicancias de la pandemia de COVID-19 en materia de producci\u00f3n y exportaci\u00f3n, fueron algunos de los puntos que trataron en conjunto.<\/strong><!--more--><\/p>\n<p>Ya se acerca una nueva temporada de cosechas agr\u00edcolas en la Regi\u00f3n de Coquimbo, en la que cada a\u00f1o se genera un importante n\u00famero de puestos de trabajo. Un aspecto importante, sobre todo en tiempos en que la econom\u00eda y el agro han sufrido diversos embates debido al estallido social y la pandemia de coronavirus.<\/p>\n<p>&nbsp;<\/p>\n<p>\u00c9ste y otros temas fueron abordados en una reuni\u00f3n entre los representantes de la Sociedad Agr\u00edcola del Norte y el Intendente Pablo Herman, quien dijo que <strong>\u201cel sector agr\u00edcola representa a una de las principales y m\u00e1s tradicionales actividades econ\u00f3mica de nuestra regi\u00f3n, la que est\u00e1 siendo afectada de forma importante por la sequ\u00eda, estallido social y crisis sanitaria, por eso era importante y necesario reunirnos con sus representantes para abordar una a una estas problem\u00e1ticas y seguir trabajando en conjunto para ver de qu\u00e9 manera podemos ir construyendo soluciones\u201d.<\/strong><\/p>\n<p>&nbsp;<\/p>\n<p>Por su parte, la Presidentade la SAN, Mar\u00eda In\u00e9s Figari, destac\u00f3 que<strong> \u201cla participaci\u00f3n entre el mundo privado y el Gobierno es b\u00e1sico. El Intendente tiene que estar interiorizado no s\u00f3lo de las cosas buenas que se hacen en la regi\u00f3n, sino tambi\u00e9n de nuestros dolores y preocupaciones, as\u00ed que agradecemos poder hablar con el de forma tan amable y abierta y que recoja nuestras inquietudes, adem\u00e1s de comprometernos como gremio a estar muy cercanos a la autoridades para ver las diferentes alternativas que permitan que la regi\u00f3n progrese\u201d.<\/strong><\/p>\n<p>&nbsp;<\/p>\n<p>Uno de estos elementos centrales abordados en la instancia fue la generaci\u00f3n de mano de obra, sobre lo que el Vicepresidente del gremio, Jos\u00e9 Corral, detall\u00f3 que <strong>\u201csomos la regi\u00f3n con mayor desempleo pero en el agro no tenemos la mano de obra suficiente, est\u00e1 siendo deficitaria. Muchos de nuestros colaboradores no est\u00e1n saliendo a trabajar porque recibieron un bono de $300 o $500 mil pesos, adem\u00e1s, muchos est\u00e1n pidiendo trabajar sin imposiciones, lo que es grave porque queremos ser una industria importante, y, lo tercero, es que el tema del COVID-19 ha hecho que mucha mano de obra temporal que llegaba de Per\u00fa, Bolivia y otros lugares no est\u00e9 disponible\u201d.<\/strong><\/p>\n<p><strong>\u00a0<\/strong><\/p>\n<p>En este sentido, el Intendente Herman destac\u00f3 que el Gobierno del Presidente Pi\u00f1era ha impulsado el Subsidio al empleo, cuyo objetivo es generar nuevos puestos de trabajo y es compatible con beneficios como el Ingreso Familiar de Emergencia y el Bono Mujer trabajadora, por lo que el trabajador no los pierde al conseguir empleo.<\/p>\n<p><strong>\u00a0<\/strong><\/p>\n<p>Finalmente, en la reuni\u00f3n tambi\u00e9n se revis\u00f3 la situaci\u00f3n h\u00eddrica regional, la que ha generado una importante restricci\u00f3n en las dotaciones de agua de los distintos valles. Por ejemplo, en Ovalle, inform\u00f3 la SAN, se tendr\u00e1 que dejar cultivos sin riego para priorizar los cultivos y sectores que den mayor rentabilidad para absorber los costos de la actividad agr\u00edcola.<\/p>\n","protected":false},"excerpt":{"rendered":"<p>La preparaci\u00f3n de la temporada agr\u00edcola de cosechas, que genera una gran cantidad de puestos de trabajo cada a\u00f1o, junto con la situaci\u00f3n h\u00eddrica regional y las implicancias de la pandemia de COVID-19 en materia de producci\u00f3n y exportaci\u00f3n, fueron algunos de los puntos que trataron en conjunto.<\/p>\n","protected":false},"author":2,"featured_media":3970,"comment_status":"open","ping_status":"open","sticky":false,"template":"","format":"standard","meta":{"footnotes":""},"categories":[6],"tags":[],"class_list":["post-3969","post","type-post","status-publish","format-standard","has-post-thumbnail","hentry","category-regionales"],"_links":{"self":[{"href":"https:\/\/www.radiolimari.cl\/index.php?rest_route=\/wp\/v2\/posts\/3969","targetHints":{"allow":["GET"]}}],"collection":[{"href":"https:\/\/www.radiolimari.cl\/index.php?rest_route=\/wp\/v2\/posts"}],"about":[{"href":"https:\/\/www.radiolimari.cl\/index.php?rest_route=\/wp\/v2\/types\/post"}],"author":[{"embeddable":true,"href":"https:\/\/www.radiolimari.cl\/index.php?rest_route=\/wp\/v2\/users\/2"}],"replies":[{"embeddable":true,"href":"https:\/\/www.radiolimari.cl\/index.php?rest_route=%2Fwp%2Fv2%2Fcomments&post=3969"}],"version-history":[{"count":1,"href":"https:\/\/www.radiolimari.cl\/index.php?rest_route=\/wp\/v2\/posts\/3969\/revisions"}],"predecessor-version":[{"id":3971,"href":"https:\/\/www.radiolimari.cl\/index.php?rest_route=\/wp\/v2\/posts\/3969\/revisions\/3971"}],"wp:featuredmedia":[{"embeddable":true,"href":"https:\/\/www.radiolimari.cl\/index.php?rest_route=\/wp\/v2\/media\/3970"}],"wp:attachment":[{"href":"https:\/\/www.radiolimari.cl\/index.php?rest_route=%2Fwp%2Fv2%2Fmedia&parent=3969"}],"wp:term":[{"taxonomy":"category","embeddable":true,"href":"https:\/\/www.radiolimari.cl\/index.php?rest_route=%2Fwp%2Fv2%2Fcategories&post=3969"},{"taxonomy":"post_tag","embeddable":true,"href":"https:\/\/www.radiolimari.cl\/index.php?rest_route=%2Fwp%2Fv2%2Ftags&post=3969"}],"curies":[{"name":"wp","href":"https:\/\/api.w.org\/{rel}","templated":true}]}}