{"id":3966,"date":"2020-10-22T15:48:00","date_gmt":"2020-10-22T15:48:00","guid":{"rendered":"http:\/\/www.radiolimari.cl\/?p=3966"},"modified":"2020-10-22T15:48:00","modified_gmt":"2020-10-22T15:48:00","slug":"municipio-de-ovalle-prepara-locales-de-votacion-para-el-plebiscito-del-25-de-octubre","status":"publish","type":"post","link":"https:\/\/www.radiolimari.cl\/?p=3966","title":{"rendered":"Municipio de Ovalle prepara locales de votaci\u00f3n para el plebiscito del 25 de octubre"},"content":{"rendered":"<p><a href=\"https:\/\/www.radiolimari.cl\/wp-content\/uploads\/2020\/10\/22.10-Centros-de-votaci\u00f3n-Plebiscito-2.jpg\"><img fetchpriority=\"high\" decoding=\"async\" class=\"alignnone size-medium wp-image-3967\" src=\"https:\/\/www.radiolimari.cl\/wp-content\/uploads\/2020\/10\/22.10-Centros-de-votaci\u00f3n-Plebiscito-2-300x225.jpg\" alt=\"22.10 Centros de votaci\u00f3n Plebiscito 2\" width=\"300\" height=\"225\" srcset=\"https:\/\/www.radiolimari.cl\/wp-content\/uploads\/2020\/10\/22.10-Centros-de-votaci\u00f3n-Plebiscito-2-300x225.jpg 300w, https:\/\/www.radiolimari.cl\/wp-content\/uploads\/2020\/10\/22.10-Centros-de-votaci\u00f3n-Plebiscito-2-1024x768.jpg 1024w, https:\/\/www.radiolimari.cl\/wp-content\/uploads\/2020\/10\/22.10-Centros-de-votaci\u00f3n-Plebiscito-2.jpg 1280w\" sizes=\"(max-width: 300px) 100vw, 300px\" \/><\/a><\/p>\n<p><strong><em>El alcalde Claudio Renter\u00eda indic\u00f3 que es importante que la ciudadan\u00eda emita su preferencia y participe activamente del proceso democr\u00e1tico. <\/em><\/strong><!--more--><\/p>\n<p>El\u00a0 domingo 25 de octubre los chilenos tendremos la posibilidad de aprobar o rechazar la creaci\u00f3n de una nueva Constituci\u00f3n, a trav\u00e9s de un plebiscito. Es por esto, que el municipio de Ovalle se encuentra preparando los 18 locales de votaci\u00f3n que estar\u00e1n activos en la comuna, para que las personas puedan asistir sin problemas a emitir su voto.<\/p>\n<p>Este a\u00f1o, adem\u00e1s de la habilitaci\u00f3n de mobiliario, urnas y c\u00e1maras secretas, se sumar\u00e1n las medidas sanitarias para prevenir contagios por Covid 19, y que cada uno de los locales deber\u00e1 garantizar, tanto para los vocales de mesa, como para los votantes. Dentro de las novedades para este proceso se encuentra la incorporaci\u00f3n del Colegio Ra\u00fal Silva Henr\u00edquez, Colegio San Viator y el Estadio Municipal Diaguita como centros de votaci\u00f3n. En el caso del recinto deportivo contar\u00e1 con un total de 30 mesas, distribuidas en amplias dependencias para cumplir con el distanciamiento social \u00f3ptimo.<\/p>\n<p>Es muy importante que las personas asistan con su carnet de identidad, su mascarilla e integren a sus implementos, un l\u00e1piz de pasta azul. Los votantes no podr\u00e1n asistir con acompa\u00f1antes a emitir su voto, aunque se har\u00e1 la excepci\u00f3n si es que existe alguien con alg\u00fan grado de discapacidad, que necesite de un tercero para marcar su preferencia. A esto se suma, la incorporaci\u00f3n de un horario especial para los adultos mayores, que ser\u00e1 entre las 14:00 y las 17:00 horas.<\/p>\n<p>El alcalde de Ovalle, Claudio Renter\u00eda, realiz\u00f3 un recorrido por el Estadio Diaguita para verificar los protocolos sanitarios y \u201cpara garantizar que la comunidad asista a un proceso seguro, participativo y transparente. La idea es que los ovallinos participen del plebiscito sin problemas y para eso, en estas \u00faltimas semanas, hemos trabajado en la habilitaci\u00f3n de los locales de votaci\u00f3n, tomando todos los resguardos, en coordinaci\u00f3n con el Servel\u201d. Asimismo, la autoridad comunal hizo un llamado a \u201cparticipar en este proceso democr\u00e1tico, emitir su preferencia, porque s\u00f3lo de esta forma tendremos el reflejo de la decisi\u00f3n de nuestro pa\u00eds, ante la propuesta de crear o no, una nueva Constituci\u00f3n\u201d.<\/p>\n<p>Recordemos, que en la comuna se dispondr\u00e1n 268 mesas, las cuales estar\u00e1n activas desde las 8 de la ma\u00f1ana hasta las 20 horas. Asimismo, se inform\u00f3 que el Toque de Queda se adelantar\u00e1 a las 4 de la madrugada del d\u00eda domingo y se prolongar\u00e1 hasta las 1 de la madrugada del d\u00eda lunes 26 de octubre.<\/p>\n","protected":false},"excerpt":{"rendered":"<p>El alcalde Claudio Renter\u00eda indic\u00f3 que es importante que la ciudadan\u00eda emita su preferencia y participe activamente del proceso democr\u00e1tico.<\/p>\n","protected":false},"author":2,"featured_media":3967,"comment_status":"open","ping_status":"open","sticky":false,"template":"","format":"standard","meta":{"footnotes":""},"categories":[5],"tags":[],"class_list":["post-3966","post","type-post","status-publish","format-standard","has-post-thumbnail","hentry","category-actualidad-limarina"],"_links":{"self":[{"href":"https:\/\/www.radiolimari.cl\/index.php?rest_route=\/wp\/v2\/posts\/3966","targetHints":{"allow":["GET"]}}],"collection":[{"href":"https:\/\/www.radiolimari.cl\/index.php?rest_route=\/wp\/v2\/posts"}],"about":[{"href":"https:\/\/www.radiolimari.cl\/index.php?rest_route=\/wp\/v2\/types\/post"}],"author":[{"embeddable":true,"href":"https:\/\/www.radiolimari.cl\/index.php?rest_route=\/wp\/v2\/users\/2"}],"replies":[{"embeddable":true,"href":"https:\/\/www.radiolimari.cl\/index.php?rest_route=%2Fwp%2Fv2%2Fcomments&post=3966"}],"version-history":[{"count":1,"href":"https:\/\/www.radiolimari.cl\/index.php?rest_route=\/wp\/v2\/posts\/3966\/revisions"}],"predecessor-version":[{"id":3968,"href":"https:\/\/www.radiolimari.cl\/index.php?rest_route=\/wp\/v2\/posts\/3966\/revisions\/3968"}],"wp:featuredmedia":[{"embeddable":true,"href":"https:\/\/www.radiolimari.cl\/index.php?rest_route=\/wp\/v2\/media\/3967"}],"wp:attachment":[{"href":"https:\/\/www.radiolimari.cl\/index.php?rest_route=%2Fwp%2Fv2%2Fmedia&parent=3966"}],"wp:term":[{"taxonomy":"category","embeddable":true,"href":"https:\/\/www.radiolimari.cl\/index.php?rest_route=%2Fwp%2Fv2%2Fcategories&post=3966"},{"taxonomy":"post_tag","embeddable":true,"href":"https:\/\/www.radiolimari.cl\/index.php?rest_route=%2Fwp%2Fv2%2Ftags&post=3966"}],"curies":[{"name":"wp","href":"https:\/\/api.w.org\/{rel}","templated":true}]}}