{"id":3963,"date":"2020-10-22T14:28:54","date_gmt":"2020-10-22T14:28:54","guid":{"rendered":"http:\/\/www.radiolimari.cl\/?p=3963"},"modified":"2020-10-22T14:28:54","modified_gmt":"2020-10-22T14:28:54","slug":"aprueban-el-primer-parque-fotovoltaico-de-la-region-de-coquimbo-que-abastecera-con-baterias-el-consumo-nocturno","status":"publish","type":"post","link":"https:\/\/www.radiolimari.cl\/?p=3963","title":{"rendered":"Aprueban el primer parque fotovoltaico de la regi\u00f3n de Coquimbo que abastecer\u00e1 con bater\u00edas el consumo nocturno"},"content":{"rendered":"<p><a href=\"https:\/\/www.radiolimari.cl\/wp-content\/uploads\/2020\/10\/22.10-parqe-potovoltaico.jpeg\"><img fetchpriority=\"high\" decoding=\"async\" class=\"alignnone size-medium wp-image-3964\" src=\"https:\/\/www.radiolimari.cl\/wp-content\/uploads\/2020\/10\/22.10-parqe-potovoltaico-300x199.jpeg\" alt=\"22.10 parqe potovoltaico\" width=\"300\" height=\"199\" srcset=\"https:\/\/www.radiolimari.cl\/wp-content\/uploads\/2020\/10\/22.10-parqe-potovoltaico-300x199.jpeg 300w, https:\/\/www.radiolimari.cl\/wp-content\/uploads\/2020\/10\/22.10-parqe-potovoltaico-1024x682.jpeg 1024w, https:\/\/www.radiolimari.cl\/wp-content\/uploads\/2020\/10\/22.10-parqe-potovoltaico.jpeg 1280w\" sizes=\"(max-width: 300px) 100vw, 300px\" \/><\/a><\/p>\n<p><strong><em>Se trata del proyecto Pe\u00f1\u00f3n Solar en la comuna de Coquimbo, el plantea una inversi\u00f3n de 12 millones de d\u00f3lares.<\/em><\/strong><!--more--><\/p>\n<p>La Comisi\u00f3n de Evaluaci\u00f3n Ambiental de la Regi\u00f3n de Coquimbo, presidida por el Intendente Pablo Herman, dio luz verde a un nuevo proyecto energ\u00e9tico.<\/p>\n<p>Se trata de Pe\u00f1\u00f3n Solar, un parque fotovoltaico que contempla la instalaci\u00f3n de 27 mil 132 paneles solares, alcanzando una capacidad, en su peak, de 13.240 Mw, conect\u00e1ndose a la subestaci\u00f3n Las Piedras, que se encuentra dentro de la Central El Pe\u00f1\u00f3n y as\u00ed inyectar energ\u00eda al Sistema El\u00e9ctrico Nacional.<\/p>\n<p><strong>\u201cCon esta iniciativa estamos dando curso a lo que nos mandata el Presidente Pi\u00f1era de promover la diversificaci\u00f3n energ\u00e9tica y atraer inversiones que vayan en la l\u00ednea de la sustentabilidad. Tenemos un desaf\u00edo de convertir a Chile en un pa\u00eds que aprovecha la energ\u00eda solar y la Regi\u00f3n de Coquimbo ha aportado muy bien en ese sentido\u201d<\/strong>, destac\u00f3 el Intendente Pablo Herman.<\/p>\n<p>Pe\u00f1\u00f3n Solar se ubicar\u00e1 en la comuna de Coquimbo y proyecta una inversi\u00f3n de 12 millones de d\u00f3lares. Un vez operativo estima una vida \u00fatil de 30 a\u00f1os.<\/p>\n<p>Adicionalmente, esta apuesta energ\u00e9tica considera el abastecimiento en horarios nocturnos, ya que adem\u00e1s de los paneles solares, tambi\u00e9n contar\u00e1 con un parque de bater\u00edas de almacenamiento de 9 MW.<\/p>\n<p>En esta l\u00ednea, el Seremi de Energ\u00eda, \u00c1lvaro Herrera, indic\u00f3 que <strong>\u201cvaloramos que una nueva central fotovoltaica haya obtenido su calificaci\u00f3n ambiental y que de esta manera se puedan seguir extendiendo a lo largo de la Regi\u00f3n. Estas iniciativas conviven perfectamente con el medio ambiente y la comunidad, nos van a permitir contar con una matriz energ\u00e9tica mucho m\u00e1s limpia, renovable y sustentable, para seguir avanzando en la l\u00ednea de la descarbonizaci\u00f3n\u201d<\/strong>.<\/p>\n<p>Para la etapa de construcci\u00f3n, la iniciativa requerir\u00e1 la contrataci\u00f3n de unas 40 personas.<\/p>\n","protected":false},"excerpt":{"rendered":"<p>Se trata del proyecto Pe\u00f1\u00f3n Solar en la comuna de Coquimbo, el plantea una inversi\u00f3n de 12 millones de d\u00f3lares.<\/p>\n","protected":false},"author":2,"featured_media":3964,"comment_status":"open","ping_status":"open","sticky":false,"template":"","format":"standard","meta":{"footnotes":""},"categories":[3],"tags":[],"class_list":["post-3963","post","type-post","status-publish","format-standard","has-post-thumbnail","hentry","category-actualidad"],"_links":{"self":[{"href":"https:\/\/www.radiolimari.cl\/index.php?rest_route=\/wp\/v2\/posts\/3963","targetHints":{"allow":["GET"]}}],"collection":[{"href":"https:\/\/www.radiolimari.cl\/index.php?rest_route=\/wp\/v2\/posts"}],"about":[{"href":"https:\/\/www.radiolimari.cl\/index.php?rest_route=\/wp\/v2\/types\/post"}],"author":[{"embeddable":true,"href":"https:\/\/www.radiolimari.cl\/index.php?rest_route=\/wp\/v2\/users\/2"}],"replies":[{"embeddable":true,"href":"https:\/\/www.radiolimari.cl\/index.php?rest_route=%2Fwp%2Fv2%2Fcomments&post=3963"}],"version-history":[{"count":1,"href":"https:\/\/www.radiolimari.cl\/index.php?rest_route=\/wp\/v2\/posts\/3963\/revisions"}],"predecessor-version":[{"id":3965,"href":"https:\/\/www.radiolimari.cl\/index.php?rest_route=\/wp\/v2\/posts\/3963\/revisions\/3965"}],"wp:featuredmedia":[{"embeddable":true,"href":"https:\/\/www.radiolimari.cl\/index.php?rest_route=\/wp\/v2\/media\/3964"}],"wp:attachment":[{"href":"https:\/\/www.radiolimari.cl\/index.php?rest_route=%2Fwp%2Fv2%2Fmedia&parent=3963"}],"wp:term":[{"taxonomy":"category","embeddable":true,"href":"https:\/\/www.radiolimari.cl\/index.php?rest_route=%2Fwp%2Fv2%2Fcategories&post=3963"},{"taxonomy":"post_tag","embeddable":true,"href":"https:\/\/www.radiolimari.cl\/index.php?rest_route=%2Fwp%2Fv2%2Ftags&post=3963"}],"curies":[{"name":"wp","href":"https:\/\/api.w.org\/{rel}","templated":true}]}}