{"id":3960,"date":"2020-10-22T14:18:51","date_gmt":"2020-10-22T14:18:51","guid":{"rendered":"http:\/\/www.radiolimari.cl\/?p=3960"},"modified":"2020-10-22T14:18:51","modified_gmt":"2020-10-22T14:18:51","slug":"destacan-convenio-para-dar-asesoria-juridica-a-mujeres-victimas-de-vulneracion-de-derechos-en-contexto-de-movilizacion","status":"publish","type":"post","link":"https:\/\/www.radiolimari.cl\/?p=3960","title":{"rendered":"DESTACAN  CONVENIO PARA DAR ASESOR\u00cdA JUR\u00cdDICA A MUJERES V\u00cdCTIMAS DE VULNERACI\u00d3N DE DERECHOS EN CONTEXTO DE MOVILIZACI\u00d3N"},"content":{"rendered":"<p><a href=\"https:\/\/www.radiolimari.cl\/wp-content\/uploads\/2020\/10\/22.10-sernameg.jpg\"><img fetchpriority=\"high\" decoding=\"async\" class=\"alignnone size-medium wp-image-3961\" src=\"https:\/\/www.radiolimari.cl\/wp-content\/uploads\/2020\/10\/22.10-sernameg-300x225.jpg\" alt=\"22.10 sernameg\" width=\"300\" height=\"225\" srcset=\"https:\/\/www.radiolimari.cl\/wp-content\/uploads\/2020\/10\/22.10-sernameg-300x225.jpg 300w, https:\/\/www.radiolimari.cl\/wp-content\/uploads\/2020\/10\/22.10-sernameg-1024x768.jpg 1024w\" sizes=\"(max-width: 300px) 100vw, 300px\" \/><\/a><\/p>\n<p style=\"text-align: justify; line-height: 16.8pt; background: white; margin: 0cm 0cm 18.75pt 0cm;\">Acuerdo entre los ministerios de la Mujer y la Equidad de G\u00e9nero, Justicia y Derechos Humanos, SernamEG y la Corporaci\u00f3n de Asistencia Judicial.<!--more-->Toda mujer que haya sido v\u00edctima de violaci\u00f3n a los derechos humanos en el contexto de manifestaciones sociales, podr\u00e1 contar con la asesor\u00eda y representaci\u00f3n jur\u00eddica gratuita en la interposici\u00f3n de acciones, querellas, y\/o recursos de protecci\u00f3n o amparo, seg\u00fan corresponda.<\/p>\n<p>De eso se trata el convenio que firmaron hace unos d\u00edas la ministra de la Mujer y la Equidad de G\u00e9nero, M\u00f3nica Zalaquett; el ministro de Justicia y Derechos Humanos, Hern\u00e1n Larra\u00edn; la Directora Nacional de SernamEG, Carolina Plaza; y el Director General de la Corporaci\u00f3n de Asistencia Judicial (CAJ) Metropolitana, Alejandro D\u00edaz.<\/p>\n<p>Para conocer los alcances de este Convenio y generar una bajada m\u00e1s regional, la seremi de la Mujer, Iv\u00f3n Guerra junto a la Directora Regional de SernamEG, Mar\u00eda Soledad Rojas llegaron hasta las dependencias de la Corporaci\u00f3n de Asistencia Judicial de La Serena para reunirse con su Director, Marcos L\u00f3pez y con la Seremi de Justicia, Alejandra Valdovinos<\/p>\n<p>Las autoridades dialogaron sobre este Convenio, el cual destacaron ya que es de vital importancia para apoyar a las mujeres que sientan vulnerados sus derechos en contexto de manifestaciones o movilizaciones<\/p>\n<p>Hay que precisar, que el Ministerio de la Mujer a trav\u00e9s de SernamEG solo presta asesor\u00eda legal a mujeres v\u00edctimas de violencia en contexto de pareja. Ahora toda mujer que se acerque a los Centros de la Mujer y necesite apoyo por vulneraci\u00f3n de sus derechos tras haber participado de alguna manifestaci\u00f3n o movilizaci\u00f3n ser\u00e1 atendida y derivada a la Corporaci\u00f3n de Asistencia Judicial para que reciba el apoyo jur\u00eddico pertinente.<\/p>\n<p><strong>La seremi de la Mujer y la Equidad De G\u00e9nero, Iv\u00f3n Guerra valor\u00f3 este acuerdo,<\/strong><strong> \u201ctal como lo dijo nuestra Ministra, M\u00f3nica Zalaquett valoramos y agradecemos el compromiso del Ministerio de Justicia con quienes realizamos este convenio de colaboraci\u00f3n a trav\u00e9s de la Corporaci\u00f3n de Asistencia Jur\u00eddica y SernamEG. No queremos que ninguna mujer se sienta sola por eso a trav\u00e9s de este convenio queremos entregar m\u00e1s garant\u00edas para que se sientan protegidas y amparadas por el Estado\u201d<\/strong><\/p>\n<p><strong>En tanto, la Directora Regional de SernamEG, Mar\u00eda Soledad Rojas,<\/strong> se\u00f1al\u00f3 que a trav\u00e9s de este convenio se quiere asegurar el derecho de acceso a la justicia a todas las mujeres del pa\u00eds, particularmente, cuando sientan que hayan sido v\u00edctimas de vulneraciones de sus derechos fundamentales. <strong>\u201cNo queremos que ninguna mujer se sienta sola en este proceso y como instituci\u00f3n entregaremos todo el apoyo que se requiera\u201d\u00a0<\/strong><\/p>\n<p>Asimismo, en otro de sus puntos, el convenio fomentar\u00e1 el fortalecimiento del enfoque de g\u00e9nero en las Corporaciones de Asistencia Judicial, mediante la realizaci\u00f3n de capacitaciones, encuentros y talleres sobre promoci\u00f3n y protecci\u00f3n de los derechos humanos de las mujeres, as\u00ed como iniciativa para promover la erradicaci\u00f3n de la violencia de g\u00e9nero.<\/p>\n<p><strong>La seremi de Justicia y de Derechos Humanos, Alejandra Valdovinos reiter\u00f3 el compromiso de su instituci\u00f3n,<\/strong><strong>\u00a0 <\/strong><strong>\u201c<\/strong><strong>para nuestro Ministerio de Justicia es poder otorgar accesos a la Justicia a mujeres que hayan sido transgredidas en materia de derechos humanos para que ellas tambi\u00e9n puedan tener una asesor\u00eda jur\u00eddica, apoyo psicol\u00f3gico y apoyo de distinto tipo ante una situaci\u00f3n como esa\u201d<\/strong><\/p>\n<p><strong>\u00a0<\/strong><\/p>\n<p><strong>Finalmente, el Director de la Corporaci\u00f3n de Asistencia Judcial, Marcos L\u00f3pez agreg\u00f3,<\/strong><strong>\u201c<\/strong><strong>lo importante para la Corporaci\u00f3n es estar a favor de la mujer, especialmente en eventuales atentados contra los derechos humanos en este entorno de protestas, as\u00ed que estaremos disponibles y con todo nuestros recursos profesionales para entregar la mejor atenci\u00f3n\u201d, <\/strong>concluy\u00f3<\/p>\n<p>&nbsp;<\/p>\n<p>&nbsp;<\/p>\n","protected":false},"excerpt":{"rendered":"<p>Acuerdo entre los ministerios de la Mujer y la Equidad de G\u00e9nero, Justicia y Derechos Humanos, SernamEG y la Corporaci\u00f3n de Asistencia Judicial.<\/p>\n","protected":false},"author":2,"featured_media":3961,"comment_status":"open","ping_status":"open","sticky":false,"template":"","format":"standard","meta":{"footnotes":""},"categories":[6],"tags":[],"class_list":["post-3960","post","type-post","status-publish","format-standard","has-post-thumbnail","hentry","category-regionales"],"_links":{"self":[{"href":"https:\/\/www.radiolimari.cl\/index.php?rest_route=\/wp\/v2\/posts\/3960","targetHints":{"allow":["GET"]}}],"collection":[{"href":"https:\/\/www.radiolimari.cl\/index.php?rest_route=\/wp\/v2\/posts"}],"about":[{"href":"https:\/\/www.radiolimari.cl\/index.php?rest_route=\/wp\/v2\/types\/post"}],"author":[{"embeddable":true,"href":"https:\/\/www.radiolimari.cl\/index.php?rest_route=\/wp\/v2\/users\/2"}],"replies":[{"embeddable":true,"href":"https:\/\/www.radiolimari.cl\/index.php?rest_route=%2Fwp%2Fv2%2Fcomments&post=3960"}],"version-history":[{"count":1,"href":"https:\/\/www.radiolimari.cl\/index.php?rest_route=\/wp\/v2\/posts\/3960\/revisions"}],"predecessor-version":[{"id":3962,"href":"https:\/\/www.radiolimari.cl\/index.php?rest_route=\/wp\/v2\/posts\/3960\/revisions\/3962"}],"wp:featuredmedia":[{"embeddable":true,"href":"https:\/\/www.radiolimari.cl\/index.php?rest_route=\/wp\/v2\/media\/3961"}],"wp:attachment":[{"href":"https:\/\/www.radiolimari.cl\/index.php?rest_route=%2Fwp%2Fv2%2Fmedia&parent=3960"}],"wp:term":[{"taxonomy":"category","embeddable":true,"href":"https:\/\/www.radiolimari.cl\/index.php?rest_route=%2Fwp%2Fv2%2Fcategories&post=3960"},{"taxonomy":"post_tag","embeddable":true,"href":"https:\/\/www.radiolimari.cl\/index.php?rest_route=%2Fwp%2Fv2%2Ftags&post=3960"}],"curies":[{"name":"wp","href":"https:\/\/api.w.org\/{rel}","templated":true}]}}