{"id":3955,"date":"2020-10-20T19:17:47","date_gmt":"2020-10-20T19:17:47","guid":{"rendered":"http:\/\/www.radiolimari.cl\/?p=3955"},"modified":"2020-10-20T19:19:44","modified_gmt":"2020-10-20T19:19:44","slug":"municipio-de-ovalle-impulsa-diversas-actividades-en-el-mes-del-adulto-mayor","status":"publish","type":"post","link":"https:\/\/www.radiolimari.cl\/?p=3955","title":{"rendered":"Municipio de Ovalle impulsa diversas actividades en el Mes del Adulto Mayor"},"content":{"rendered":"<p><a href=\"https:\/\/www.radiolimari.cl\/wp-content\/uploads\/2020\/10\/20.10-Visita-a-se\u00f1ora-Julia-Cort\u00e9s.jpg\"><img fetchpriority=\"high\" decoding=\"async\" class=\"alignnone size-medium wp-image-3956\" src=\"https:\/\/www.radiolimari.cl\/wp-content\/uploads\/2020\/10\/20.10-Visita-a-se\u00f1ora-Julia-Cort\u00e9s-300x225.jpg\" alt=\"20.10 Visita a se\u00f1ora Julia Cort\u00e9s\" width=\"300\" height=\"225\" srcset=\"https:\/\/www.radiolimari.cl\/wp-content\/uploads\/2020\/10\/20.10-Visita-a-se\u00f1ora-Julia-Cort\u00e9s-300x225.jpg 300w, https:\/\/www.radiolimari.cl\/wp-content\/uploads\/2020\/10\/20.10-Visita-a-se\u00f1ora-Julia-Cort\u00e9s-1024x768.jpg 1024w\" sizes=\"(max-width: 300px) 100vw, 300px\" \/><\/a><\/p>\n<p><strong><em>El alcalde Claudio Renter\u00eda visit\u00f3 a un grupo de adultos mayores, que est\u00e1n dentro de la poblaci\u00f3n m\u00e1s longeva de la comuna, a quienes le entreg\u00f3 presentes y les hizo una bonita sorpresa art\u00edstica<\/em><\/strong><!--more--><\/p>\n<p>Contin\u00faan las actividades en Ovalle, en el marco del Mes del Adulto Mayor. A las iniciativas virtuales se sum\u00f3 la visita del alcalde Claudio Renter\u00eda a adultos mayores que se encuentran dentro de la poblaci\u00f3n m\u00e1s longeva de la comuna, a quienes se les entregaron presentes y se les hizo un homenaje, a trav\u00e9s de una serenata a cargo del Charro Vicente Aguilar. Esta iniciativa es impulsada por el departamento de Desarrollo Comunitario y la Oficina Comunal del Adulto Mayor del municipio local.<\/p>\n<p>La primera en ser visitada fue la se\u00f1ora Julia Cort\u00e9s, quien est\u00e1 celebrando 96 a\u00f1os de vida. Esta querida vecina de la poblaci\u00f3n San Jos\u00e9 de la Dehesa recibi\u00f3 una sorpresa preparada por el personal municipal, quienes le hicieron entrega de presentes, a lo que se sum\u00f3 una serenata con canciones del recuerdo. La \u201cJulita\u201d como es conocida agradeci\u00f3 este gesto y \u201cesta bonita sorpresa. Le doy gracias a todos quienes hicieron posible este lindo momento, que siempre recordar\u00e9 con mucho cari\u00f1o\u201d.<\/p>\n<p>Posteriormente, fue el turno de la se\u00f1ora Rosa Rojas Gonz\u00e1lez quien tambi\u00e9n recibi\u00f3 la visita de la autoridad comunal y comparti\u00f3 con sus familiares m\u00e1s cercanos en su cumplea\u00f1os n\u00famero 100. \u201cMuchas gracias a todos por el cari\u00f1o que siempre me han dado, estoy muy feliz por esta sorpresa en este d\u00eda tan especial\u201d indic\u00f3 la cumplea\u00f1era.<\/p>\n<p>El alcalde Claudio Renter\u00eda destac\u00f3 que \u201ces importante acompa\u00f1ar a nuestros adultos mayores y darle un momento de alegr\u00eda, sobretodo en un d\u00eda tan especial como es su cumplea\u00f1os. Es muy grato compartir con personas con gran experiencia y conocer sus historias de vida, porque, lamentablemente, han tenido que permanecer en sus hogares estos \u00faltimos meses, por ser uno de los grupos de riesgo de la pandemia que nos afecta\u201d.<\/p>\n<p>A estas visitas se suman las actividades masivas que este a\u00f1o se realizar\u00e1n de manera virtual. Este mi\u00e9rcoles 21 de octubre se desarrollar\u00e1 una reuni\u00f3n informativa v\u00eda Zoom, ocasi\u00f3n en la que se dar\u00e1n a conocer las medidas ejecutadas en pandemia y se efectuar\u00e1 una charla de Gerontolog\u00eda.<\/p>\n<p>En tanto, el viernes 23 de octubre, a las 11 horas, se realizar\u00e1 una charla informativa denominada \u201cLa importancia de conectarse con nuestros pares\u201d.<\/p>\n<p>Asimismo, el mi\u00e9rcoles 28, desde las 11 horas, se llevar\u00e1 a cabo una charla de salud que tendr\u00e1 como tema central las enfermedades cardiovasculares y cr\u00f3nicas, como la diabetes y la hipertensi\u00f3n, y el jueves 29, desde las 10:30 horas, se realizar\u00e1 una reuni\u00f3n que tratar\u00e1 el rol de las Comunas Amigables con los adultos mayores.<\/p>\n<p>Mal\u00f3n Virtual<\/p>\n<p>En tanto, el viernes 30 de octubre, de 18:00 a 21:00 horas, se desarrollar\u00e1 el denominado \u201cMal\u00f3n Virtual\u201d, que ser\u00e1 transmitido a trav\u00e9s del Facebook Ilustre Municipalidad de Ovalle, donde participar\u00e1n artistas locales, quienes ser\u00e1n los encargados de amenizar esta jornada, que se desarrollar\u00e1 en el Teatro Municipal de Ovalle.<\/p>\n<p>&nbsp;<\/p>\n<p>El evento art\u00edstico se iniciar\u00e1 con un video de apertura, seguido del saludo del alcalde Claudio Renter\u00eda y la exhibici\u00f3n de testimonios, donde los adultos mayores contar\u00e1n su experiencia en medio de la pandemia y los cambios que debieron realizar con el confinamiento obligatorio. Luego, se presentar\u00e1n los cantantes Francisco Codoceo, Jenny Chacana, el charro Vicente Aguilar y el grupo tropical ranchero, Emigrantes Norte\u00f1os. Con esta iniciativa se dar\u00e1 t\u00e9rmino a las actividades programadas por el municipio local, para conmemorar el Mes del Adulto Mayor en Ovalle.<\/p>\n<p>&nbsp;<\/p>\n<p>&nbsp;<\/p>\n","protected":false},"excerpt":{"rendered":"<p>El alcalde Claudio Renter\u00eda visit\u00f3 a un grupo de adultos mayores, que est\u00e1n dentro de la poblaci\u00f3n m\u00e1s longeva de la comuna, a quienes le entreg\u00f3 presentes y les hizo una bonita sorpresa art\u00edstica<\/p>\n","protected":false},"author":2,"featured_media":3956,"comment_status":"open","ping_status":"open","sticky":false,"template":"","format":"standard","meta":{"footnotes":""},"categories":[5],"tags":[],"class_list":["post-3955","post","type-post","status-publish","format-standard","has-post-thumbnail","hentry","category-actualidad-limarina"],"_links":{"self":[{"href":"https:\/\/www.radiolimari.cl\/index.php?rest_route=\/wp\/v2\/posts\/3955","targetHints":{"allow":["GET"]}}],"collection":[{"href":"https:\/\/www.radiolimari.cl\/index.php?rest_route=\/wp\/v2\/posts"}],"about":[{"href":"https:\/\/www.radiolimari.cl\/index.php?rest_route=\/wp\/v2\/types\/post"}],"author":[{"embeddable":true,"href":"https:\/\/www.radiolimari.cl\/index.php?rest_route=\/wp\/v2\/users\/2"}],"replies":[{"embeddable":true,"href":"https:\/\/www.radiolimari.cl\/index.php?rest_route=%2Fwp%2Fv2%2Fcomments&post=3955"}],"version-history":[{"count":3,"href":"https:\/\/www.radiolimari.cl\/index.php?rest_route=\/wp\/v2\/posts\/3955\/revisions"}],"predecessor-version":[{"id":3959,"href":"https:\/\/www.radiolimari.cl\/index.php?rest_route=\/wp\/v2\/posts\/3955\/revisions\/3959"}],"wp:featuredmedia":[{"embeddable":true,"href":"https:\/\/www.radiolimari.cl\/index.php?rest_route=\/wp\/v2\/media\/3956"}],"wp:attachment":[{"href":"https:\/\/www.radiolimari.cl\/index.php?rest_route=%2Fwp%2Fv2%2Fmedia&parent=3955"}],"wp:term":[{"taxonomy":"category","embeddable":true,"href":"https:\/\/www.radiolimari.cl\/index.php?rest_route=%2Fwp%2Fv2%2Fcategories&post=3955"},{"taxonomy":"post_tag","embeddable":true,"href":"https:\/\/www.radiolimari.cl\/index.php?rest_route=%2Fwp%2Fv2%2Ftags&post=3955"}],"curies":[{"name":"wp","href":"https:\/\/api.w.org\/{rel}","templated":true}]}}