{"id":3949,"date":"2020-10-20T18:14:52","date_gmt":"2020-10-20T18:14:52","guid":{"rendered":"http:\/\/www.radiolimari.cl\/?p=3949"},"modified":"2020-10-20T18:14:52","modified_gmt":"2020-10-20T18:14:52","slug":"corporacion-cultural-municipal-de-ovalle-fomenta-la-profesionalizacion-creacion-y-difusion-de-los-artistas-locales-a-traves-de-convocatorias-abiertas","status":"publish","type":"post","link":"https:\/\/www.radiolimari.cl\/?p=3949","title":{"rendered":"Corporaci\u00f3n Cultural Municipal de Ovalle fomenta la profesionalizaci\u00f3n, creaci\u00f3n y difusi\u00f3n de los artistas locales a trav\u00e9s de convocatorias abiertas"},"content":{"rendered":"<p><a href=\"https:\/\/www.radiolimari.cl\/wp-content\/uploads\/2020\/10\/20.10-teatro.jpg\"><img fetchpriority=\"high\" decoding=\"async\" class=\"alignnone size-medium wp-image-3950\" src=\"https:\/\/www.radiolimari.cl\/wp-content\/uploads\/2020\/10\/20.10-teatro-300x200.jpg\" alt=\"20.10 teatro\" width=\"300\" height=\"200\" srcset=\"https:\/\/www.radiolimari.cl\/wp-content\/uploads\/2020\/10\/20.10-teatro-300x200.jpg 300w, https:\/\/www.radiolimari.cl\/wp-content\/uploads\/2020\/10\/20.10-teatro-1024x683.jpg 1024w, https:\/\/www.radiolimari.cl\/wp-content\/uploads\/2020\/10\/20.10-teatro.jpg 1840w\" sizes=\"(max-width: 300px) 100vw, 300px\" \/><\/a><\/p>\n<p><strong>Las bases y links de inscripci\u00f3n para el Concurso de Pintura \u201cLa Perla del Limar\u00ed\u201d, la creaci\u00f3n de capsulas audiovisuales para industrias creativas y el \u201cLaboratorio de creaci\u00f3n esc\u00e9nica- danza e improvisaci\u00f3n \u2018Identidad y pertenencia\u2019\u201d se encuentran disponibles en www.ovallecultura.cl<\/strong><!--more--><\/p>\n<p>Durante la \u00faltima semana, tres han sido las invitaciones que ha realizado la Corporaci\u00f3n Cultural Municipal de Ovalle a artistas locales y regionales para trabajar de la mano, a trav\u00e9s de diversas convocatorias abiertas.<\/p>\n<p>Una de ellas est\u00e1 dirigida a los creadores pl\u00e1sticos de la Regi\u00f3n de Coquimbo, la cual por cuarto a\u00f1o consecutivo da vida al Concurso de Pintura \u201cLa Perla del Limar\u00ed\u201d que busca\u00a0 apoyar\u00a0 el desarrollo art\u00edstico,\u00a0 as\u00ed como la promoci\u00f3n y circulaci\u00f3n de dichas obras. \u00a0As\u00ed mismo la corporaci\u00f3n inici\u00f3 el proceso de inscripci\u00f3n de bailarines, bailarinas y performance para ser parte del Laboratorio Creaci\u00f3n Esc\u00e9nica-Danza Improvisaci\u00f3n, enmarcado en\u00a0 sus procesos formativos de la Escuela de Artes Esc\u00e9nicas del TMO en colaboraci\u00f3n de SUDA, Centex, y M100. En tanto\u00a0 la tercera convocatoria est\u00e1 dirigida a la difusi\u00f3n de las industrias creativas, como parte del Festival Ovalle Cultura, las cuales en cada versi\u00f3n han podido mostrar a la comunidad sus creaciones y en esta oportunidad podr\u00e1n hacerlo a trav\u00e9s de c\u00e1psulas audiovisuales.<\/p>\n<p>El director ejecutivo de la Corporaci\u00f3n Cultural Municipal de Ovalle, Ifman Huerta Saavedra, manifest\u00f3 que \u201cno ha sido un a\u00f1o f\u00e1cil y en materia art\u00edstico-cultural, ha sido cuesta arriba mantener las producciones. Sin embargo a trav\u00e9s de la Corporaci\u00f3n hemos ideado maneras para seguir trabajando de la mano con nuestros artistas y generar nuevos contenidos adaptados al formato digital. En esta oportunidad contamos con tres nuevas convocatorias que buscan profesionalizar, difundir y fomentar la creaci\u00f3n tanto en Ovalle como en la regi\u00f3n, en diversas disciplinas art\u00edsticas\u201d.<\/p>\n<p>&nbsp;<\/p>\n<p><strong>RESCATE DE LA IDENTIDAD A TRAV\u00c9S DE LA PINTURA Y LA DANZA<\/strong><\/p>\n<p>Dos de las convocatorias que actualmente lanz\u00f3 la Corporaci\u00f3n Cultural Municipal de Ovalle \u00a0est\u00e1n destinadas a trabajar la identidad; desde distintas disciplinas art\u00edsticas.<\/p>\n<p>A trav\u00e9s del \u00f3leo, acr\u00edlico, l\u00e1tex, t\u00e9mpera, acuarela, pastel y collage, o t\u00e9cnicas mixtas, pintores de la Regi\u00f3n de Coquimbo este 2020 podr\u00e1n ser parte del Concurso \u201cLa Perla del Limar\u00ed\u201d, instancia en la cual los participantes crear\u00e1n obras basadas en la libre interpretaci\u00f3n del paisaje natural y\/o cultural, tanto urbano como rural que incorporen elementos identitarios, de la provincia del Limar\u00ed. Este concurso, que, estar\u00e1 abierto hasta el 20 de noviembre y cuyas bases pueden ser descargadas desde la p\u00e1gina ovallecultura.cl, seleccionar\u00e1 12 obras para ser \u00a0parte del proceso de circulaci\u00f3n mediante el convenio de colaboraci\u00f3n entre la Red de Corporaciones Culturales Municipales de las cuales se seleccionar\u00e1n 3 menciones honrosas y el ganador del Premio \u00danico \u201cGuillermo Pizarro Vega\u201d.<\/p>\n<p>Por su parte desde el 04 de noviembre hasta el 04 de diciembre se desarrollar\u00e1 el Laboratorio de Creaci\u00f3n Esc\u00e9nica- Danza Improvisaci\u00f3n el cual tendr\u00e1 como resultado un acompa\u00f1amiento de proceso desde lo te\u00f3rico\u00a0hacia lo pr\u00e1ctico, con el fin de obtener un registro de obra audiovisual que pondr\u00e1\u00a0en cuestionamiento\u00a0la\u00a0\u00abIdentidad y Pertenencia\u00bb.<\/p>\n<p>&nbsp;<\/p>\n<p>Cabe destacar que este LAB\u00a0 contar\u00e1 con dos fases. La Primera ser\u00e1 de modo vinculante entre los participantes y las gu\u00edas del proceso creativo, las cuales explicar\u00e1n y expondr\u00e1n a modo de estudio de caso los procesos creativos de proyectos de danza de relevancia y de estudio a partir de la improvisaci\u00f3n. En esta primera parte, que consta de 3 sesiones virtuales, se entregar\u00e1n herramientas para la generaci\u00f3n de contenidos te\u00f3ricos en torno a las metodolog\u00edas de construcci\u00f3n de escenas, proyectos y obras espec\u00edficas.\u00a0\u00a0Mientras tanto la \u00a0segunda fase estar\u00e1 enfocada al entrenamiento\/calentamiento del cuerpo; con secuencias y pautas de movimientos abordando los temas t\u00e9cnicos descritos, en la que se trabajar\u00e1 la improvisaci\u00f3n grupal e individual a trav\u00e9s de diferentes pautas y din\u00e1micas para generar estrategias de relaci\u00f3n, expresi\u00f3n y comunicaci\u00f3n necesarias para la integraci\u00f3n y el trabajo en grupo generando un di\u00e1logo presente entre el cuerpo, el espacio p\u00fablico y el otro.<\/p>\n<p>&nbsp;<\/p>\n<p>Para los bailarines, bailarinas y performance que quieran ser parte de esta instancia formativa, pueden inscribirse en la p\u00e1gina ovallecultura.cl hasta el 28 de octubre.<\/p>\n<p>&nbsp;<\/p>\n<p><strong>PRESENCIA DE LAS INDUSTRIAS CREATIVAS EN EL FESTIVAL OVALLE CULTURA<\/strong><\/p>\n<p>&nbsp;<\/p>\n<p>En el mes de diciembre se llevar\u00e1 a cabo una nueva edici\u00f3n del Festival Ovalle Cultura, el cual debido a la Pandemia que actualmente se vive, no reunir\u00e1 a las bandas en la Plaza de Armas, sino que el escenario para este evento ser\u00e1 el TMO. Una transmisi\u00f3n v\u00eda streaming dar\u00e1 vida a esta nueva versi\u00f3n del Ovalle Cultura.<\/p>\n<p>&nbsp;<\/p>\n<p>Sin embargo no solo la m\u00fasica se har\u00e1 presente ya que las industrias creativas tambi\u00e9n podr\u00e1n ser parte de este evento virtual y para ello la Corporaci\u00f3n Cultural Municipal de Ovalle abri\u00f3 una convocatoria en la que invita a los creadores locales a postular para ser parte de las c\u00e1psulas promocionales que ser\u00e1n transmitidas durante las 3 jornadas del festival. \u201cHasta el 26 de octubre podr\u00e1n inscribirse en nuestra p\u00e1gina <a href=\"http:\/\/www.ovallecultura.cl\">www.ovallecultura.cl<\/a> los interesados en promover, difundir y comercializar los bienes, servicios y actividades de contenido cultural, art\u00edstico y\/o patrimonial, a trav\u00e9s de nuestras plataformas. La idea es apoyar a las industrias creativas a trav\u00e9s de la producci\u00f3n de estas capsulas\u201d agreg\u00f3 Huerta.<\/p>\n","protected":false},"excerpt":{"rendered":"<p>Las bases y links de inscripci\u00f3n para el Concurso de Pintura \u201cLa Perla del Limar\u00ed\u201d, la creaci\u00f3n de capsulas audiovisuales para industrias creativas y el \u201cLaboratorio de creaci\u00f3n esc\u00e9nica- danza e improvisaci\u00f3n \u2018Identidad y pertenencia\u2019\u201d se encuentran disponibles en www.ovallecultura.cl<\/p>\n","protected":false},"author":2,"featured_media":3950,"comment_status":"open","ping_status":"open","sticky":false,"template":"","format":"standard","meta":{"footnotes":""},"categories":[5],"tags":[],"class_list":["post-3949","post","type-post","status-publish","format-standard","has-post-thumbnail","hentry","category-actualidad-limarina"],"_links":{"self":[{"href":"https:\/\/www.radiolimari.cl\/index.php?rest_route=\/wp\/v2\/posts\/3949","targetHints":{"allow":["GET"]}}],"collection":[{"href":"https:\/\/www.radiolimari.cl\/index.php?rest_route=\/wp\/v2\/posts"}],"about":[{"href":"https:\/\/www.radiolimari.cl\/index.php?rest_route=\/wp\/v2\/types\/post"}],"author":[{"embeddable":true,"href":"https:\/\/www.radiolimari.cl\/index.php?rest_route=\/wp\/v2\/users\/2"}],"replies":[{"embeddable":true,"href":"https:\/\/www.radiolimari.cl\/index.php?rest_route=%2Fwp%2Fv2%2Fcomments&post=3949"}],"version-history":[{"count":1,"href":"https:\/\/www.radiolimari.cl\/index.php?rest_route=\/wp\/v2\/posts\/3949\/revisions"}],"predecessor-version":[{"id":3951,"href":"https:\/\/www.radiolimari.cl\/index.php?rest_route=\/wp\/v2\/posts\/3949\/revisions\/3951"}],"wp:featuredmedia":[{"embeddable":true,"href":"https:\/\/www.radiolimari.cl\/index.php?rest_route=\/wp\/v2\/media\/3950"}],"wp:attachment":[{"href":"https:\/\/www.radiolimari.cl\/index.php?rest_route=%2Fwp%2Fv2%2Fmedia&parent=3949"}],"wp:term":[{"taxonomy":"category","embeddable":true,"href":"https:\/\/www.radiolimari.cl\/index.php?rest_route=%2Fwp%2Fv2%2Fcategories&post=3949"},{"taxonomy":"post_tag","embeddable":true,"href":"https:\/\/www.radiolimari.cl\/index.php?rest_route=%2Fwp%2Fv2%2Ftags&post=3949"}],"curies":[{"name":"wp","href":"https:\/\/api.w.org\/{rel}","templated":true}]}}