{"id":3946,"date":"2020-10-20T18:01:51","date_gmt":"2020-10-20T18:01:51","guid":{"rendered":"http:\/\/www.radiolimari.cl\/?p=3946"},"modified":"2020-10-20T18:01:51","modified_gmt":"2020-10-20T18:01:51","slug":"en-ovalle-direccion-del-trabajo-verifica-condiciones-de-higiene-y-seguridad-en-el-sector-comercio","status":"publish","type":"post","link":"https:\/\/www.radiolimari.cl\/?p=3946","title":{"rendered":"En Ovalle Direcci\u00f3n del Trabajo verifica condiciones de higiene y seguridad en el sector comercio"},"content":{"rendered":"<p><a href=\"https:\/\/www.radiolimari.cl\/wp-content\/uploads\/2020\/10\/20.10-trabajo-dsvsd.jpeg\"><img fetchpriority=\"high\" decoding=\"async\" class=\"alignnone size-medium wp-image-3947\" src=\"https:\/\/www.radiolimari.cl\/wp-content\/uploads\/2020\/10\/20.10-trabajo-dsvsd-300x225.jpeg\" alt=\"20.10 trabajo dsvsd\" width=\"300\" height=\"225\" srcset=\"https:\/\/www.radiolimari.cl\/wp-content\/uploads\/2020\/10\/20.10-trabajo-dsvsd-300x225.jpeg 300w, https:\/\/www.radiolimari.cl\/wp-content\/uploads\/2020\/10\/20.10-trabajo-dsvsd-1024x768.jpeg 1024w, https:\/\/www.radiolimari.cl\/wp-content\/uploads\/2020\/10\/20.10-trabajo-dsvsd.jpeg 1280w\" sizes=\"(max-width: 300px) 100vw, 300px\" \/><\/a><\/p>\n<ul>\n<li><strong><em>Autoridades llamaron a no relajar medidas de prevenci\u00f3n ante el paso a Fase 3<\/em><\/strong><\/li>\n<\/ul>\n<p><!--more--><\/p>\n<p>Hasta el centro Comercial Open Plaza de Ovalle lleg\u00f3 la Inspecci\u00f3n del Trabajo en compa\u00f1\u00eda del Seremi del Trabajo, Mat\u00edas Villalobos, y el gobernador de Limar\u00ed, Iv\u00e1n Espinosa, para verificar las medidas adoptadas para el resguardo de la salud y seguridad de los trabajadores.<\/p>\n<p>En este sentido la autoridad laboral insisti\u00f3 en el llamado a los empleadores a cumplir siempre con la normativa laboral, instancia en que present\u00f3 el Formulario \u00danico de Fiscalizaci\u00f3n\u00a0que contiene aspectos de prevenci\u00f3n y control del COVID-19, de obligatorio cumplimiento para empleadores y recomendaciones para ser incorporadas en los lugares de trabajo, y con ello proteger la vida y salud de los trabajadores, enmarcado en la \u00a0hoja de ruta llamada \u00abPaso a Paso Laboral\u00bb, que tiene como objeto establecer las medidas preventivas, que tanto empleadores como trabajadores deben adoptar para disminuir los riesgos de contagio<\/p>\n<p>\u201cDesde el Ministerio del Trabajo estamos promoviendo el conocimiento de este formulario \u00fanico de fiscalizaci\u00f3n, para que tanto trabajadores como empleadores sepan que es lo que deben cumplir como m\u00ednimo en materia de prevenci\u00f3n de Covid19 en un contexto laboral\u201d, explic\u00f3 Mat\u00edas Villalobos.<\/p>\n<p>En la oportunidad tanto el Seremi del Trabajo como el gobernador, Iv\u00e1n Espinosa, hicieron un llamado a los empleadores, trabajadores y poblaci\u00f3n en general, a no relajarse y continuar tomando todas las medidas de prevenci\u00f3n para continuar evitando las situaciones de contagio por COVID-19.<\/p>\n<p>En este sentido el Seremi del Trabajo, Mat\u00edas Villalobos, coment\u00f3 que \u201cestamos pasando de Fase 2 a Fase 3, es algo positivo para las comunas que estuvieron en cuarentena y queremos seguir avanzando, para eso seguiremos en terreno fiscalizando y apelamos al buen comportamiento de todos para que no tengamos que retroceder\u201d.<\/p>\n<p>Mientras que el gobernador Iv\u00e1n Espinosa, se\u00f1al\u00f3 que \u201cestamos en un momento bastante bueno donde estamos saliendo de un periodo de transici\u00f3n a una etapa de preparaci\u00f3n, que significa que el comportamiento de la gente y la poblaci\u00f3n en general ha sido bueno, pero esto no puede ser sin\u00f3nimo de relajarse. Hoy tenemos exactamente la misma preocupaci\u00f3n por la salud de las personas, ya tenemos experiencias en otros lugares de nuestro pa\u00eds y donde hemos avanzado y luego retrocedido precisamente por el relajo en las medidas de prevenci\u00f3n\u201d.<\/p>\n<p>Finalmente, desde el centro comercial destacaron las medidas de prevenci\u00f3n adoptadas y enfatizaron en la capacidad m\u00e1xima de p\u00fablico que permite el funcionamiento de los locales comerciales con un aforo total de 1800 personas.<\/p>\n<p>&nbsp;<\/p>\n<p>&nbsp;<\/p>\n","protected":false},"excerpt":{"rendered":"<p>Autoridades llamaron a no relajar medidas de prevenci\u00f3n ante el paso a Fase 3<\/p>\n","protected":false},"author":2,"featured_media":3947,"comment_status":"open","ping_status":"open","sticky":false,"template":"","format":"standard","meta":{"footnotes":""},"categories":[5],"tags":[],"class_list":["post-3946","post","type-post","status-publish","format-standard","has-post-thumbnail","hentry","category-actualidad-limarina"],"_links":{"self":[{"href":"https:\/\/www.radiolimari.cl\/index.php?rest_route=\/wp\/v2\/posts\/3946","targetHints":{"allow":["GET"]}}],"collection":[{"href":"https:\/\/www.radiolimari.cl\/index.php?rest_route=\/wp\/v2\/posts"}],"about":[{"href":"https:\/\/www.radiolimari.cl\/index.php?rest_route=\/wp\/v2\/types\/post"}],"author":[{"embeddable":true,"href":"https:\/\/www.radiolimari.cl\/index.php?rest_route=\/wp\/v2\/users\/2"}],"replies":[{"embeddable":true,"href":"https:\/\/www.radiolimari.cl\/index.php?rest_route=%2Fwp%2Fv2%2Fcomments&post=3946"}],"version-history":[{"count":1,"href":"https:\/\/www.radiolimari.cl\/index.php?rest_route=\/wp\/v2\/posts\/3946\/revisions"}],"predecessor-version":[{"id":3948,"href":"https:\/\/www.radiolimari.cl\/index.php?rest_route=\/wp\/v2\/posts\/3946\/revisions\/3948"}],"wp:featuredmedia":[{"embeddable":true,"href":"https:\/\/www.radiolimari.cl\/index.php?rest_route=\/wp\/v2\/media\/3947"}],"wp:attachment":[{"href":"https:\/\/www.radiolimari.cl\/index.php?rest_route=%2Fwp%2Fv2%2Fmedia&parent=3946"}],"wp:term":[{"taxonomy":"category","embeddable":true,"href":"https:\/\/www.radiolimari.cl\/index.php?rest_route=%2Fwp%2Fv2%2Fcategories&post=3946"},{"taxonomy":"post_tag","embeddable":true,"href":"https:\/\/www.radiolimari.cl\/index.php?rest_route=%2Fwp%2Fv2%2Ftags&post=3946"}],"curies":[{"name":"wp","href":"https:\/\/api.w.org\/{rel}","templated":true}]}}