{"id":3940,"date":"2020-10-20T12:36:18","date_gmt":"2020-10-20T12:36:18","guid":{"rendered":"http:\/\/www.radiolimari.cl\/?p=3940"},"modified":"2020-10-20T12:36:18","modified_gmt":"2020-10-20T12:36:18","slug":"analizan-evolucion-de-los-ultimos-10-anos-de-la-mujer-en-la-mineria-y-sus-desafios","status":"publish","type":"post","link":"https:\/\/www.radiolimari.cl\/?p=3940","title":{"rendered":"Analizan evoluci\u00f3n de los \u00faltimos 10 a\u00f1os de la Mujer en la Miner\u00eda y sus desaf\u00edos"},"content":{"rendered":"<p><a href=\"https:\/\/www.radiolimari.cl\/wp-content\/uploads\/2020\/10\/20.10-sernameg.jpg\"><img fetchpriority=\"high\" decoding=\"async\" class=\"alignnone size-medium wp-image-3941\" src=\"https:\/\/www.radiolimari.cl\/wp-content\/uploads\/2020\/10\/20.10-sernameg-300x169.jpg\" alt=\"20.10 sernameg\" width=\"300\" height=\"169\" srcset=\"https:\/\/www.radiolimari.cl\/wp-content\/uploads\/2020\/10\/20.10-sernameg-300x169.jpg 300w, https:\/\/www.radiolimari.cl\/wp-content\/uploads\/2020\/10\/20.10-sernameg.jpg 464w\" sizes=\"(max-width: 300px) 100vw, 300px\" \/><\/a><\/p>\n<p><em>Durante la tercera sesi\u00f3n de la Mesa Mujer y Miner\u00eda, liderada por el Gobierno y las mineras de la regi\u00f3n de Coquimbo se hicieron presentaciones para analizar el rol durante la \u00faltima d\u00e9cada de la mujer en la miner\u00eda y los desaf\u00edos de \u00e9stas en la Industria.<\/em><!--more--><\/p>\n<p>La evoluci\u00f3n en la \u00faltima d\u00e9cada y desaf\u00edos futuros de la mujer en la miner\u00eda y actividades lideradas por la Red de Equidad de G\u00e9nero (RedEG), fueron los ejes centrales de la Tercera Sesi\u00f3n de la Mujer y Miner\u00eda 2020 que se desarrolla en la regi\u00f3n de Coquimbo.<\/p>\n<p>La actividad se efectu\u00f3 de manera virtual y cont\u00f3 con representantes de empresas mineras de la zona e instituciones afines a esta actividad productiva. La mesa se inici\u00f3 con un saludo del seremi de Miner\u00eda, Roberto Vega y de la seremi de la Mujer y la Equidad de G\u00e9nero, Iv\u00f3n Guerra.<\/p>\n<p>Luego se dio a la paso a la presentaci\u00f3n de Ver\u00f3nica Fincheira. Gerente Consejo de Competencias Mineras, quien se refiri\u00f3 a la evoluci\u00f3n en la \u00faltima d\u00e9cada y desaf\u00edos futuros de la mujer en la miner\u00eda.<\/p>\n<p>A continuaci\u00f3n, la Directora ejecutiva REDEG, Lilian Deham Martini present\u00f3 Desaf\u00edos y actividades pendientes del programa de la Mesa Mujer Minera\u00a0 de Coquimbo \u201cPor m\u00ed, por ti, por todas\u201d\u00a0 y \u201cacciones para la transformaci\u00f3n\u201d.<\/p>\n<p>La seremi de la Mujer y la Equidad de G\u00e9nero, Iv\u00f3n Guerra se refiri\u00f3 a la tercera sesi\u00f3n de la Mesa Mujer y Miner\u00eda y destac\u00f3 los avances, <strong>\u201chemos tenido dos presentaciones s\u00f3lidas. Una de Ver\u00f3nica quien nos hace un an\u00e1lisis exhaustivo del rol durante el \u00faltimo tiempo de la mujer en la miner\u00eda y el de Lilian de RedEG, una de nuestras aliadas principal. Como Gobierno y Ministerio de la Mujer queremos seguir fortaleciendo esta Mesa, creemos en la alianza p\u00fablico-privada, tenemos la convicci\u00f3n que las mujeres le hacen bien a esta Industria y vamos a seguir generando condiciones desde nuestra vereda para que haya m\u00e1s inserci\u00f3n laboral femenina en la miner\u00eda\u201d.<\/strong><\/p>\n<p>Por su parte, el seremi de Miner\u00eda, Roberto Vega, agreg\u00f3, \u201c<strong>quiero agradecer a Ver\u00f3nica Fincheira por estar junto a nosotros y realizar la presentaci\u00f3n \u201cMujer y Miner\u00eda: Evoluci\u00f3n en la \u00faltima d\u00e9cada y desaf\u00edos futuros\u201d y como lo hemos dicho en m\u00e1s de una oportunidad, lo queremos como Gobierno es romper con el fen\u00f3meno del Techo de Cristal , nosotros desde que asumimos el gobierno trabajamos para eliminar los estereotipos de g\u00e9nero que por a\u00f1os afectaron a los sectores productivos masculinizado como era la miner\u00eda. Creemos fuertemente que los roles, tienen que desaparecer y es por ello que estamos trabajando en pos de una miner\u00eda m\u00e1s inclusiva y con equidad de g\u00e9nero<\/strong>\u201d.<\/p>\n<p>La mesa Mujer y Miner\u00eda es una instancia p\u00fablico-privada que busca hacer consciencia y generar condiciones para aumentar la participaci\u00f3n laboral femenina en la industria minera.<\/p>\n","protected":false},"excerpt":{"rendered":"<p>Durante la tercera sesi\u00f3n de la Mesa Mujer y Miner\u00eda, liderada por el Gobierno y las mineras de la regi\u00f3n de Coquimbo se hicieron presentaciones para analizar el rol durante la \u00faltima d\u00e9cada de la mujer en la miner\u00eda y los desaf\u00edos de \u00e9stas en la Industria.<\/p>\n","protected":false},"author":2,"featured_media":3941,"comment_status":"open","ping_status":"open","sticky":false,"template":"","format":"standard","meta":{"footnotes":""},"categories":[6],"tags":[],"class_list":["post-3940","post","type-post","status-publish","format-standard","has-post-thumbnail","hentry","category-regionales"],"_links":{"self":[{"href":"https:\/\/www.radiolimari.cl\/index.php?rest_route=\/wp\/v2\/posts\/3940","targetHints":{"allow":["GET"]}}],"collection":[{"href":"https:\/\/www.radiolimari.cl\/index.php?rest_route=\/wp\/v2\/posts"}],"about":[{"href":"https:\/\/www.radiolimari.cl\/index.php?rest_route=\/wp\/v2\/types\/post"}],"author":[{"embeddable":true,"href":"https:\/\/www.radiolimari.cl\/index.php?rest_route=\/wp\/v2\/users\/2"}],"replies":[{"embeddable":true,"href":"https:\/\/www.radiolimari.cl\/index.php?rest_route=%2Fwp%2Fv2%2Fcomments&post=3940"}],"version-history":[{"count":1,"href":"https:\/\/www.radiolimari.cl\/index.php?rest_route=\/wp\/v2\/posts\/3940\/revisions"}],"predecessor-version":[{"id":3942,"href":"https:\/\/www.radiolimari.cl\/index.php?rest_route=\/wp\/v2\/posts\/3940\/revisions\/3942"}],"wp:featuredmedia":[{"embeddable":true,"href":"https:\/\/www.radiolimari.cl\/index.php?rest_route=\/wp\/v2\/media\/3941"}],"wp:attachment":[{"href":"https:\/\/www.radiolimari.cl\/index.php?rest_route=%2Fwp%2Fv2%2Fmedia&parent=3940"}],"wp:term":[{"taxonomy":"category","embeddable":true,"href":"https:\/\/www.radiolimari.cl\/index.php?rest_route=%2Fwp%2Fv2%2Fcategories&post=3940"},{"taxonomy":"post_tag","embeddable":true,"href":"https:\/\/www.radiolimari.cl\/index.php?rest_route=%2Fwp%2Fv2%2Ftags&post=3940"}],"curies":[{"name":"wp","href":"https:\/\/api.w.org\/{rel}","templated":true}]}}