{"id":3935,"date":"2020-10-15T18:43:59","date_gmt":"2020-10-15T18:43:59","guid":{"rendered":"http:\/\/www.radiolimari.cl\/?p=3935"},"modified":"2020-10-15T18:43:59","modified_gmt":"2020-10-15T18:43:59","slug":"el-avance-de-ovalle-a-fase-iii-es-fruto-del-trabajo-en-conjunto-entre-las-autoridades-y-la-comunidad-local","status":"publish","type":"post","link":"https:\/\/www.radiolimari.cl\/?p=3935","title":{"rendered":"\u201cEl avance de Ovalle a Fase III es fruto del trabajo en conjunto entre las autoridades y la comunidad local\u201d"},"content":{"rendered":"<p><a href=\"https:\/\/www.radiolimari.cl\/wp-content\/uploads\/2020\/10\/Alcalde-Renter\u00eda-paso-a-Fase-III.jpg\"><img fetchpriority=\"high\" decoding=\"async\" class=\"alignnone size-medium wp-image-3936\" src=\"https:\/\/www.radiolimari.cl\/wp-content\/uploads\/2020\/10\/Alcalde-Renter\u00eda-paso-a-Fase-III-300x168.jpg\" alt=\"Alcalde Renter\u00eda paso a Fase III\" width=\"300\" height=\"168\" srcset=\"https:\/\/www.radiolimari.cl\/wp-content\/uploads\/2020\/10\/Alcalde-Renter\u00eda-paso-a-Fase-III-300x168.jpg 300w, https:\/\/www.radiolimari.cl\/wp-content\/uploads\/2020\/10\/Alcalde-Renter\u00eda-paso-a-Fase-III-1024x573.jpg 1024w, https:\/\/www.radiolimari.cl\/wp-content\/uploads\/2020\/10\/Alcalde-Renter\u00eda-paso-a-Fase-III.jpg 1280w\" sizes=\"(max-width: 300px) 100vw, 300px\" \/><\/a><\/p>\n<p><strong><em>La autoridad comunal resalt\u00f3 el respeto que ha tenido la ciudadan\u00eda con las medidas impulsadas para prevenir contagios por Covid-19, hecho que permiti\u00f3 el avance a la Fase de Preparaci\u00f3n. En los \u00faltimos d\u00edas han disminuido considerablemente los casos nuevos y focos activos del virus en la comuna de Ovalle.<\/em><\/strong><!--more--><\/p>\n<p>Desde el lunes 19 de octubre, la comuna de Ovalle pasar\u00e1 a Fase 3 del Plan Paso a Paso del Gobierno. As\u00ed fue anunciado por la Subsecretaria Katherine Martorel, en el reporte diario del ministerio de Salud.\u00a0Dentro de los cambios m\u00e1s importantes en relaci\u00f3n a la etapa de Transici\u00f3n, se encuentra la eliminaci\u00f3n de la cuarentena, durante los fines de semana y d\u00edas festivos, por lo que las personas ya no tendr\u00e1n que solicitar permisos temporales en <a href=\"http:\/\/www.comisariavirtual.cl\">www.comisariavirtual.cl<\/a>, para desplazarse.<\/p>\n<p>El alcalde Claudio Renter\u00eda, tras conocer la medida, indic\u00f3 que el avance en el plan Paso a Paso del Gobierno es gracias a que la mayor parte de la ciudadan\u00eda tom\u00f3 conciencia y acogi\u00f3 el llamado de las autoridades frente a los cuidados que deb\u00edamos tener frente a la pandemia. \u00abEl avance a Fase III es fruto del trabajo conjunto de las autoridades y la comunidad. Estamos contentos porque en esta etapa podremos reactivar en parte nuestro comercio, que es algo muy importante, porque uno de los golpes bajos que nos dio la pandemia fue la crisis econ\u00f3mica y el desempleo y ahora se abre una luz de esperanza para ellos. Esto, debido a que en la etapa de Preparaci\u00f3n se les permitir\u00e1 el funcionamiento a restoranes y caf\u00e9s en espacios abiertos y con dos metros de distancia entre mesas o el 25% de su capacidad total, lo que permitir\u00e1 reactivar este rubro en nuestra comuna, despu\u00e9s de varios meses sin percibir ingresos\u201d.<\/p>\n<p>Fase de Preparaci\u00f3n<\/p>\n<p>Debemos considerar que en esta etapa se mantiene el Toque de Queda, la obligatoriedad del uso de mascarillas y el cumplimiento de un distanciamiento social \u00f3ptimo.<\/p>\n<p>En la fase 3 est\u00e1 prohibido el funcionamiento de los clubes de adultos mayores, la apertura de cines, discotheques, pubs, teatros y lugares an\u00e1logos y el funcionamiento de gimnasios abiertos al p\u00fablico. Adem\u00e1s, no se podr\u00e1n realizar actividades deportivas con m\u00e1s de 25 personas en lugares abiertos y m\u00e1s de 5 en \u00e1reas cerradas. Las personas no podr\u00e1n participar en eventos, reuniones sociales o recreativas de m\u00e1s de 25 personas en espacios cerrados y 50 en lugares abiertos.<\/p>\n<p>De igual forma en esta etapa se levantan algunas medidas. Los mayores de 75 a\u00f1os podr\u00e1n salir sin restricciones. Las personas podr\u00e1n participar en eventos y reuniones sociales hasta un m\u00e1ximo de 25 personas en espacios cerrados y de 50 en espacios abiertos, respetando el Toque de Queda. Las familias podr\u00e1n realizar viajes interregionales, s\u00f3lo a comunas que est\u00e9n en paso 3, 4 y 5.<\/p>\n<p>En lo referente a las actividades deportivas se podr\u00e1n practicar con un m\u00e1ximo de 5 personas en lugares cerrados (Excepto gimnasios de acceso p\u00fablico) y 25 en lugares abiertos, sin p\u00fablico.<\/p>\n<p>\u201cHemos tenido un avance importante. Tuvimos m\u00e1s de un mes en confinamiento estricto y lo superamos, luego pasamos a etapa II y ahora avanzaremos a la Fase III, por eso quiero reiterar el llamado a mantener las medidas de autocuidado, porque la pandemia a\u00fan no est\u00e1 superada y es esencial el respeto a las indicaciones que nos entrega la autoridad sanitaria diariamente, para que no existan rebrotes y no retroceder en el plan Paso a Paso\u201d finaliz\u00f3 el alcalde de Ovalle, Claudio Renter\u00eda.<\/p>\n<p>&nbsp;<\/p>\n<p>&nbsp;<\/p>\n","protected":false},"excerpt":{"rendered":"<p>La autoridad comunal resalt\u00f3 el respeto que ha tenido la ciudadan\u00eda con las medidas impulsadas para prevenir contagios por Covid-19, hecho que permiti\u00f3 el avance a la Fase de Preparaci\u00f3n. En los \u00faltimos d\u00edas han disminuido considerablemente los casos nuevos y focos activos del virus en la comuna de Ovalle.<\/p>\n","protected":false},"author":2,"featured_media":3936,"comment_status":"open","ping_status":"open","sticky":false,"template":"","format":"standard","meta":{"footnotes":""},"categories":[5],"tags":[],"class_list":["post-3935","post","type-post","status-publish","format-standard","has-post-thumbnail","hentry","category-actualidad-limarina"],"_links":{"self":[{"href":"https:\/\/www.radiolimari.cl\/index.php?rest_route=\/wp\/v2\/posts\/3935","targetHints":{"allow":["GET"]}}],"collection":[{"href":"https:\/\/www.radiolimari.cl\/index.php?rest_route=\/wp\/v2\/posts"}],"about":[{"href":"https:\/\/www.radiolimari.cl\/index.php?rest_route=\/wp\/v2\/types\/post"}],"author":[{"embeddable":true,"href":"https:\/\/www.radiolimari.cl\/index.php?rest_route=\/wp\/v2\/users\/2"}],"replies":[{"embeddable":true,"href":"https:\/\/www.radiolimari.cl\/index.php?rest_route=%2Fwp%2Fv2%2Fcomments&post=3935"}],"version-history":[{"count":1,"href":"https:\/\/www.radiolimari.cl\/index.php?rest_route=\/wp\/v2\/posts\/3935\/revisions"}],"predecessor-version":[{"id":3937,"href":"https:\/\/www.radiolimari.cl\/index.php?rest_route=\/wp\/v2\/posts\/3935\/revisions\/3937"}],"wp:featuredmedia":[{"embeddable":true,"href":"https:\/\/www.radiolimari.cl\/index.php?rest_route=\/wp\/v2\/media\/3936"}],"wp:attachment":[{"href":"https:\/\/www.radiolimari.cl\/index.php?rest_route=%2Fwp%2Fv2%2Fmedia&parent=3935"}],"wp:term":[{"taxonomy":"category","embeddable":true,"href":"https:\/\/www.radiolimari.cl\/index.php?rest_route=%2Fwp%2Fv2%2Fcategories&post=3935"},{"taxonomy":"post_tag","embeddable":true,"href":"https:\/\/www.radiolimari.cl\/index.php?rest_route=%2Fwp%2Fv2%2Ftags&post=3935"}],"curies":[{"name":"wp","href":"https:\/\/api.w.org\/{rel}","templated":true}]}}