{"id":3915,"date":"2020-10-13T16:59:28","date_gmt":"2020-10-13T16:59:28","guid":{"rendered":"http:\/\/www.radiolimari.cl\/?p=3915"},"modified":"2020-10-13T16:59:28","modified_gmt":"2020-10-13T16:59:28","slug":"llaman-a-utilizar-subsidios-a-la-contratacion-enfocados-en-mujeres","status":"publish","type":"post","link":"https:\/\/www.radiolimari.cl\/?p=3915","title":{"rendered":"Llaman a utilizar subsidios a la contrataci\u00f3n enfocados en mujeres"},"content":{"rendered":"<p><a href=\"https:\/\/www.radiolimari.cl\/wp-content\/uploads\/2020\/10\/13.10-sernameg.jpg\"><img fetchpriority=\"high\" decoding=\"async\" class=\"alignnone size-medium wp-image-3916\" src=\"https:\/\/www.radiolimari.cl\/wp-content\/uploads\/2020\/10\/13.10-sernameg-300x225.jpg\" alt=\"13.10 sernameg\" width=\"300\" height=\"225\" srcset=\"https:\/\/www.radiolimari.cl\/wp-content\/uploads\/2020\/10\/13.10-sernameg-300x225.jpg 300w, https:\/\/www.radiolimari.cl\/wp-content\/uploads\/2020\/10\/13.10-sernameg.jpg 960w\" sizes=\"(max-width: 300px) 100vw, 300px\" \/><\/a><\/p>\n<p><strong><em>El gobierno puso a disposici\u00f3n el beneficio que incentiva la contrataci\u00f3n de mujeres financiando parte de sus remuneraciones.<\/em><\/strong><!--more--><\/p>\n<p>Con el objetivo de dar a conocer las l\u00edneas de acci\u00f3n que posee el Subsidio al Empleo que ejecuta el Servicio Nacional de Capacitaci\u00f3n y Empleo (Sence), el Seremi del Trabajo, Mat\u00edas Villalobos, junto a la Seremi de la Mujer, Iv\u00f3n Guerra, visitaron un emprendimiento liderado por una mujer para enfatizar en el enfoque de g\u00e9nero que tiene el beneficio y realizar un llamado a los empleadores a utilizar el subsidio para incorporar mujeres al mundo laboral.<\/p>\n<p>En el contexto de la crisis econ\u00f3mica, generada por las medidas del control sanitario del Covid-19. El Empleo, y en particular el Femenino, se ha visto fuertemente afectado. En la regi\u00f3n de Coquimbo la Tasa de Desocupaci\u00f3n es de 15,8% en el trimestre junio-agosto, mientras que la desocupaci\u00f3n femenina en la regi\u00f3n es de 14,1%, siendo la m\u00e1s alta en toda la serie desde el a\u00f1o 2010.<\/p>\n<p>En la oportunidad autoridades visitaron el emprendimiento de Carol Acu\u00f1a, peque\u00f1a empresaria fundadora de Confecciones Acuars, qui\u00e9n bajo la modalidad del Subsidio Contrata busca aumentar la dotaci\u00f3n del personal.<\/p>\n<p>\u201cMi expectativa es poder contratar a mujeres emprendedoras, que comiencen un trabajo, madres que ejercer desde su casa, como yo, que empec\u00e9 emprendiendo mi negocio desde el hogar. Por lo mismo, trato de trabajar con mujeres para ayudar a que ellas tengan ingresos para su hogar y puedan salir adelante sin descuidar sus hijos\u201d, coment\u00f3 Carol Acu\u00f1a.<\/p>\n<p>En este sentido la Seremi de la Mujer y Equidad de G\u00e9nero, Iv\u00f3n Guerra, enfatiz\u00f3 en que \u201cen la pandemia la m\u00e1s afectadas han sido las mujeres en t\u00e9rminos de empleo, por eso es tan importante que el subsidio al empleo venga con enfoque de g\u00e9nero y podamos apoyar la contrataci\u00f3n y que cada d\u00eda m\u00e1s de mujeres se incorporen o regresen al mundo laboral, por lo que hago un llamado a las Empresas y Pymes a que repliquen lo que est\u00e1 haciendo Carol y se acojan a este subsidio y mirada de g\u00e9nero. Necesitamos reactivar el mercado laboral femenino para fortalecer la autonom\u00eda econ\u00f3mica de las mujeres\u201d.<\/p>\n<p>Carlos Covarrubias, director del SENCE, explic\u00f3 que \u201clo m\u00e1s importante es que hoy pueden postular todas las empresas y negocios que est\u00e1n tributando en primera categor\u00eda. Ahora, el subsidio para la contrataci\u00f3n de nuevas personas, en particular a Mujeres, es un beneficio que consiste en un 60% del ingreso de la persona con un tope del beneficio mensual de hasta 270 mil pesos y con eso va obtener mensualmente este ingreso la empresa, que es quien postula este beneficio\u201d, explic\u00f3<\/p>\n<p>En la oportunidad el Seremi del Trabajo, Mat\u00edas Villalobos, detall\u00f3 que \u201cel objetivo de este subsidio es justamente poder lograr que los trabajadores que se han acogido a la ley de protecci\u00f3n del empleo se puedan reincorporar de buena manera en sus puestos de trabajo, que los empleadores puedan mantener ese v\u00ednculo laboral y por otro parte fomentar la contrataci\u00f3n y la generaci\u00f3n de nuevos puestos de trabajo. Por eso este subsidio tiene dos l\u00edneas de acci\u00f3n, como es la l\u00ednea Regresa y la Contrata, por lo que el llamado es a los empleadores a que puedan ingresar al sitio web sence.cl y puedan hacer uso de esta importante herramienta que ha dispuesto el gobierno del presidente Sebasti\u00e1n Pi\u00f1era para poder reactivar nuestra econom\u00eda y recuperar los empleos que lamentablemente se han perdido\u201d.<\/p>\n<p>El subsidio al empleo se enmarca en el plan Paso a Paso Chile se Recupera, con una inversi\u00f3n de USD 2 mil millones y las postulaciones est\u00e1n abiertas a trav\u00e9s del sitio web www.subsidioalempleo.cl<\/p>\n<p>&nbsp;<\/p>\n","protected":false},"excerpt":{"rendered":"<p>El gobierno puso a disposici\u00f3n el beneficio que incentiva la contrataci\u00f3n de mujeres financiando parte de sus remuneraciones.<\/p>\n","protected":false},"author":2,"featured_media":3916,"comment_status":"open","ping_status":"open","sticky":false,"template":"","format":"standard","meta":{"footnotes":""},"categories":[6],"tags":[],"class_list":["post-3915","post","type-post","status-publish","format-standard","has-post-thumbnail","hentry","category-regionales"],"_links":{"self":[{"href":"https:\/\/www.radiolimari.cl\/index.php?rest_route=\/wp\/v2\/posts\/3915","targetHints":{"allow":["GET"]}}],"collection":[{"href":"https:\/\/www.radiolimari.cl\/index.php?rest_route=\/wp\/v2\/posts"}],"about":[{"href":"https:\/\/www.radiolimari.cl\/index.php?rest_route=\/wp\/v2\/types\/post"}],"author":[{"embeddable":true,"href":"https:\/\/www.radiolimari.cl\/index.php?rest_route=\/wp\/v2\/users\/2"}],"replies":[{"embeddable":true,"href":"https:\/\/www.radiolimari.cl\/index.php?rest_route=%2Fwp%2Fv2%2Fcomments&post=3915"}],"version-history":[{"count":1,"href":"https:\/\/www.radiolimari.cl\/index.php?rest_route=\/wp\/v2\/posts\/3915\/revisions"}],"predecessor-version":[{"id":3917,"href":"https:\/\/www.radiolimari.cl\/index.php?rest_route=\/wp\/v2\/posts\/3915\/revisions\/3917"}],"wp:featuredmedia":[{"embeddable":true,"href":"https:\/\/www.radiolimari.cl\/index.php?rest_route=\/wp\/v2\/media\/3916"}],"wp:attachment":[{"href":"https:\/\/www.radiolimari.cl\/index.php?rest_route=%2Fwp%2Fv2%2Fmedia&parent=3915"}],"wp:term":[{"taxonomy":"category","embeddable":true,"href":"https:\/\/www.radiolimari.cl\/index.php?rest_route=%2Fwp%2Fv2%2Fcategories&post=3915"},{"taxonomy":"post_tag","embeddable":true,"href":"https:\/\/www.radiolimari.cl\/index.php?rest_route=%2Fwp%2Fv2%2Ftags&post=3915"}],"curies":[{"name":"wp","href":"https:\/\/api.w.org\/{rel}","templated":true}]}}