{"id":3903,"date":"2020-10-09T16:12:13","date_gmt":"2020-10-09T16:12:13","guid":{"rendered":"http:\/\/www.radiolimari.cl\/?p=3903"},"modified":"2020-10-09T16:16:16","modified_gmt":"2020-10-09T16:16:16","slug":"coronavirus-viernes-9-de-octubre-2-fallecidos-y-19-casos-nuevos-de-covid-se-informan-en-la-region","status":"publish","type":"post","link":"https:\/\/www.radiolimari.cl\/?p=3903","title":{"rendered":"#CoronaVirus, Viernes 9 de Octubre: 2 fallecidos y 19 casos nuevos de Covid se informan en la regi\u00f3n"},"content":{"rendered":"<p><a href=\"https:\/\/www.radiolimari.cl\/wp-content\/uploads\/2020\/09\/NOTICIAS-EN-LIMARI-ULTIMA-HORA-CORONA-VIRUS-20.07.2020.jpg\"><img decoding=\"async\" class=\"alignnone size-medium wp-image-3616\" src=\"https:\/\/www.radiolimari.cl\/wp-content\/uploads\/2020\/09\/NOTICIAS-EN-LIMARI-ULTIMA-HORA-CORONA-VIRUS-20.07.2020-300x150.jpg\" alt=\"NOTICIAS EN LIMARI ULTIMA HORA CORONA VIRUS 20.07.2020\" width=\"300\" height=\"150\" srcset=\"https:\/\/www.radiolimari.cl\/wp-content\/uploads\/2020\/09\/NOTICIAS-EN-LIMARI-ULTIMA-HORA-CORONA-VIRUS-20.07.2020-300x150.jpg 300w, https:\/\/www.radiolimari.cl\/wp-content\/uploads\/2020\/09\/NOTICIAS-EN-LIMARI-ULTIMA-HORA-CORONA-VIRUS-20.07.2020-1024x512.jpg 1024w, https:\/\/www.radiolimari.cl\/wp-content\/uploads\/2020\/09\/NOTICIAS-EN-LIMARI-ULTIMA-HORA-CORONA-VIRUS-20.07.2020.jpg 1148w\" sizes=\"(max-width: 300px) 100vw, 300px\" \/><\/a><\/p>\n<ul>\n<li><strong><em>Red Asistencial cuenta con 61 hospitalizados por la enfermedad.<\/em><\/strong><\/li>\n<\/ul>\n<p><!--more--><\/p>\n<p>En un nuevo balance sanitario entregado por las autoridades de Salud de la regi\u00f3n de Coquimbo, se informaron 2 personas fallecidas y 19 casos nuevos de Covid_19.<\/p>\n<p>\u201cDebemos informar el fallecimiento de dos personas en la regi\u00f3n a causa del Coronavirus, con registros de residencia en las comunas de Coquimbo y Combarbal\u00e1. Como Gobierno queremos enviar las m\u00e1s sinceras condolencias a sus familiares y seres queridos\u201d, coment\u00f3 el Seremi de Salud, Alejandro Garc\u00eda.<\/p>\n<p>Con esto, se llega a un total de 12.267 casos acumulados y 504 activos. En cuanto al detalle de casos nuevos por comuna, 7 casos corresponden a La Serena, 7 a Coquimbo, 1 a Vicu\u00f1a, 2 a Los Vilos, 1 a Salamanca y 1 a Monte Patria.<\/p>\n<p>La Autoridad Sanitaria reiter\u00f3 el llamado a \u201cquedarse en casa este fin de semana largo y no salir si no es por algo estrictamente necesario. Reforzaremos las fiscalizaciones en nuestras aduanas sanitarias, como tambi\u00e9n en calles y sectores de afluencia de p\u00fablico, con el prop\u00f3sito de prevenir nuevos contagios de la enfermedad\u201d.<\/p>\n<p>&nbsp;<\/p>\n<p><strong>Red Asistencial<\/strong><\/p>\n<p>La doctora Pilar Jim\u00e9nez, Subdirectora de Gesti\u00f3n Asistencial (S) del Servicio de Salud Coquimbo, entreg\u00f3 el balance de la red, informando que hoy la ocupaci\u00f3n de camas alcanza un 74%. \u201cDe las 1.204 camas de dotaci\u00f3n actual, 292 se encuentran disponibles. Y en relaci\u00f3n a las camas de las Unidades de Pacientes Cr\u00edticos, contamos con 7 camas UCI, que son aquellas que tienen ventiladores mec\u00e1nicos, y 14 UTI\u201d, se\u00f1al\u00f3.<\/p>\n<p>En cuanto al reporte de pacientes hospitalizados por Covid_19 en la regi\u00f3n, la autoridad inform\u00f3 que \u00ab61 personas permanecen internadas producto del virus, de las cuales 25 est\u00e1n graves y conectadas a ventilaci\u00f3n mec\u00e1nica: 7 personas se encuentran en el Hospital de Coquimbo, 7 en el Hospital de La Serena, 2 en el Hospital de Ovalle y 9 en el Hospital de Contingencia. Adem\u00e1s, quisiera informar que contamos con 40 personas en hospitalizaci\u00f3n domiciliaria producto del Covid\u201d.<\/p>\n<p>Sobre el personal de salud afectado por el virus, inform\u00f3 que 43 funcionarios del Servicio de Salud y de los hospitales han dado positivo al virus, y 41 se encuentran en cuarentena preventiva. Por su parte, en la Atenci\u00f3n Primaria de Salud, 5 funcionarios han dado positivo al virus y 21 se mantienen en cuarentena.<\/p>\n<p><strong>\u00a0<\/strong><\/p>\n<p><strong>BALANCE REGI\u00d3N DE COQUIMBO<\/strong><\/p>\n<p><strong>Viernes 09 de octubre<\/strong><\/p>\n<p>19 casos nuevos<\/p>\n<p>12.267 casos acumulados<\/p>\n<p>504 casos activos<\/p>\n<p>225 fallecidos<\/p>\n<p>Detalle casos nuevos:<\/p>\n<ul>\n<li>07 de La Serena<\/li>\n<li>07 de Coquimbo<\/li>\n<li>01 de Vicu\u00f1a<\/li>\n<li>02 de Los Vilos<\/li>\n<li>01 de Salamanca<\/li>\n<li>01 a Monte Patria<\/li>\n<\/ul>\n<p>Hospitalizados: 61 pacientes hospitalizados<\/p>\n<p>Residencias Sanitarias: 27% de ocupaci\u00f3n<\/p>\n<p>&nbsp;<\/p>\n<p>Balance diario <a href=\"https:\/\/twitter.com\/hashtag\/COVID_19?src=hashtag_click\">#COVID_19<\/a>\u00a0en Chile<\/p>\n<p>1.750 casos nuevos<\/p>\n<p>1.228 casos con s\u00edntomas<\/p>\n<p>492 casos asintom\u00e1ticos<\/p>\n<p>30 no notificados<\/p>\n<p>477.769 casos totales<\/p>\n<p>14.252 activos<\/p>\n<p>450.297 recuperados<\/p>\n<p>53 fallecidos inscritos (13.220 en total)<\/p>\n<p>&nbsp;<\/p>\n","protected":false},"excerpt":{"rendered":"<p>Red Asistencial cuenta con 61 hospitalizados por la enfermedad.<\/p>\n","protected":false},"author":2,"featured_media":3616,"comment_status":"open","ping_status":"open","sticky":false,"template":"","format":"standard","meta":{"footnotes":""},"categories":[3],"tags":[],"class_list":["post-3903","post","type-post","status-publish","format-standard","has-post-thumbnail","hentry","category-actualidad"],"_links":{"self":[{"href":"https:\/\/www.radiolimari.cl\/index.php?rest_route=\/wp\/v2\/posts\/3903","targetHints":{"allow":["GET"]}}],"collection":[{"href":"https:\/\/www.radiolimari.cl\/index.php?rest_route=\/wp\/v2\/posts"}],"about":[{"href":"https:\/\/www.radiolimari.cl\/index.php?rest_route=\/wp\/v2\/types\/post"}],"author":[{"embeddable":true,"href":"https:\/\/www.radiolimari.cl\/index.php?rest_route=\/wp\/v2\/users\/2"}],"replies":[{"embeddable":true,"href":"https:\/\/www.radiolimari.cl\/index.php?rest_route=%2Fwp%2Fv2%2Fcomments&post=3903"}],"version-history":[{"count":3,"href":"https:\/\/www.radiolimari.cl\/index.php?rest_route=\/wp\/v2\/posts\/3903\/revisions"}],"predecessor-version":[{"id":3906,"href":"https:\/\/www.radiolimari.cl\/index.php?rest_route=\/wp\/v2\/posts\/3903\/revisions\/3906"}],"wp:featuredmedia":[{"embeddable":true,"href":"https:\/\/www.radiolimari.cl\/index.php?rest_route=\/wp\/v2\/media\/3616"}],"wp:attachment":[{"href":"https:\/\/www.radiolimari.cl\/index.php?rest_route=%2Fwp%2Fv2%2Fmedia&parent=3903"}],"wp:term":[{"taxonomy":"category","embeddable":true,"href":"https:\/\/www.radiolimari.cl\/index.php?rest_route=%2Fwp%2Fv2%2Fcategories&post=3903"},{"taxonomy":"post_tag","embeddable":true,"href":"https:\/\/www.radiolimari.cl\/index.php?rest_route=%2Fwp%2Fv2%2Ftags&post=3903"}],"curies":[{"name":"wp","href":"https:\/\/api.w.org\/{rel}","templated":true}]}}