{"id":3889,"date":"2020-10-08T14:07:54","date_gmt":"2020-10-08T14:07:54","guid":{"rendered":"http:\/\/www.radiolimari.cl\/?p=3889"},"modified":"2020-10-08T14:07:54","modified_gmt":"2020-10-08T14:07:54","slug":"48-mil-escolares-se-vacunaran-este-ano-en-la-region-de-coquimbo","status":"publish","type":"post","link":"https:\/\/www.radiolimari.cl\/?p=3889","title":{"rendered":"48 mil escolares se vacunar\u00e1n este a\u00f1o en la regi\u00f3n de Coquimbo"},"content":{"rendered":"<p><a href=\"https:\/\/www.radiolimari.cl\/wp-content\/uploads\/2020\/10\/8.10-vacuna.jpg\"><img fetchpriority=\"high\" decoding=\"async\" class=\"alignnone size-medium wp-image-3890\" src=\"https:\/\/www.radiolimari.cl\/wp-content\/uploads\/2020\/10\/8.10-vacuna-300x225.jpg\" alt=\"8.10 vacuna\" width=\"300\" height=\"225\" srcset=\"https:\/\/www.radiolimari.cl\/wp-content\/uploads\/2020\/10\/8.10-vacuna-300x225.jpg 300w, https:\/\/www.radiolimari.cl\/wp-content\/uploads\/2020\/10\/8.10-vacuna-1024x768.jpg 1024w, https:\/\/www.radiolimari.cl\/wp-content\/uploads\/2020\/10\/8.10-vacuna.jpg 1032w\" sizes=\"(max-width: 300px) 100vw, 300px\" \/><\/a><\/p>\n<p><em>La inmunizaci\u00f3n protege a los ni\u00f1os contra enfermedades como la rub\u00e9ola, tos convulsiva, sarampi\u00f3n y el Virus del Papiloma Humano.<\/em><!--more--><\/p>\n<p>El Plan de Vacunaci\u00f3n Escolar 2020 contempla la inmunizaci\u00f3n de 48 mil escolares en la regi\u00f3n, tal como indic\u00f3 el Seremi de Salud, Alejandro Garc\u00eda, tras supervisar el proceso en el Cesfam Sergio Aguilar de Coquimbo.<\/p>\n<p>\u201cLas vacunas son efectivas, seguras y gratuitas, por lo tanto, el llamado es a que conf\u00eden en las vacunas y que participen en este plan escolar porque tenemos que entregar cobertura a todos los ni\u00f1os de nuestra regi\u00f3n\u201d, indic\u00f3 la autoridad de salud.<\/p>\n<p>El Seremi Garc\u00eda enfatiz\u00f3, adem\u00e1s, en el llamado a los padres y apoderados para que lleven a sus hijos a los vacunatorios de los Cesfam de toda la regi\u00f3n \u201cporque estas vacunas protegen a los ni\u00f1os de primero, cuarto, quinto y octavo b\u00e1sico de diferentes tipos de enfermedades como son la rub\u00e9ola, sarampi\u00f3n, tos convulsiva, paperas, y el Virus del Papiloma Humano, por nombrar algunas\u201d.<\/p>\n<p><strong>Plan de Vacunaci\u00f3n Escolar<\/strong><\/p>\n<p>Este plan tiene por objetivo proteger a la poblaci\u00f3n en edad escolar residente en nuestro pa\u00eds, seg\u00fan el calendario escolar vigente, frente a enfermedades inmunoprevenibles relevantes para la salud p\u00fablica del pa\u00eds.<\/p>\n<p>\u201cHemos estado citando a los ni\u00f1os a los Cesfam en horarios distintos para no producir aglomeraciones de personas y proteger a toda la poblaci\u00f3n para que pueda venir a vacunarse de forma segura\u201d, explic\u00f3 Joselyn Galleguillos, Enfermera del Departamento de Salud Municipal de Coquimbo, al explicar las modificaciones que se han debido realizar para cumplir con los procesos de inmunizaci\u00f3n y evitar nuevos contagios de Covid_19.<\/p>\n<p>Los propios ni\u00f1os y sus padres valoraron la iniciativa, y enviaron un mensaje a toda la poblaci\u00f3n para que se acerquen a los establecimientos de salud a cumplir con el proceso lo antes posible. \u201cDeben venir a vacunarse porque es importante para prevenir diversas enfermedades y se protejan de otras cosas m\u00e1s graves\u201d, se\u00f1al\u00f3 Martina Esquivel, alumna de Cuarto A\u00f1o B\u00e1sico y que se vacun\u00f3 en el Cesfam Sergio Aguilar de Coquimbo.<\/p>\n<p>Para Ana Mar\u00eda Espinoza, apoderada del Colegio Alta Cordillera, los padres deben promover la vacunaci\u00f3n en sus hijos. \u201cHago un llamado a todos los padres para que vengan a vacunar a sus ni\u00f1os, que salgan bien protegidos con mascarillas y guantes para evitar posibles contagios\u201d, finaliz\u00f3.<\/p>\n<p><strong>Vacunaci\u00f3n Escolar 2020<\/strong><\/p>\n<table>\n<tbody>\n<tr>\n<td width=\"148\"><strong>Curso<\/strong><\/td>\n<td width=\"170\"><strong>Vacuna<\/strong><\/td>\n<td width=\"270\"><strong>Protege contra<\/strong><\/td>\n<\/tr>\n<tr>\n<td rowspan=\"2\" width=\"148\"><strong>Primero b\u00e1sico (ni\u00f1as y ni\u00f1os)<\/strong><\/td>\n<td width=\"170\">SRP<\/td>\n<td width=\"270\">Sarampi\u00f3n, Rubeola y Paperas<\/td>\n<\/tr>\n<tr>\n<td width=\"170\">dTpa (acelular)<\/td>\n<td width=\"270\">Difteria, T\u00e9tanos y Tos Convulsiva<\/td>\n<\/tr>\n<tr>\n<td width=\"148\"><strong>Cuarto b\u00e1sico (ni\u00f1as y ni\u00f1os)<\/strong><\/td>\n<td width=\"170\">VPH (primera dosis)<\/td>\n<td width=\"270\">Infecciones por Virus Papiloma Humano<\/td>\n<\/tr>\n<tr>\n<td width=\"148\"><strong>Quinto b\u00e1sico (ni\u00f1as y ni\u00f1os)<\/strong><\/td>\n<td width=\"170\">VPH (segunda dosis)<\/td>\n<td width=\"270\">Infecciones por Virus Papiloma Humano<\/td>\n<\/tr>\n<tr>\n<td width=\"148\"><strong>Octavo b\u00e1sico<\/strong><\/p>\n<p><strong>(ni\u00f1as y ni\u00f1os)<\/strong><\/td>\n<td width=\"170\">dTpa (acelular)<\/td>\n<td width=\"270\">Difteria, T\u00e9tanos y Tos Convulsiva<\/td>\n<\/tr>\n<\/tbody>\n<\/table>\n<p>&nbsp;<\/p>\n<p>&nbsp;<\/p>\n","protected":false},"excerpt":{"rendered":"<p>La inmunizaci\u00f3n protege a los ni\u00f1os contra enfermedades como la rub\u00e9ola, tos convulsiva, sarampi\u00f3n y el Virus del Papiloma Humano.<\/p>\n","protected":false},"author":2,"featured_media":3890,"comment_status":"open","ping_status":"open","sticky":false,"template":"","format":"standard","meta":{"footnotes":""},"categories":[6],"tags":[],"class_list":["post-3889","post","type-post","status-publish","format-standard","has-post-thumbnail","hentry","category-regionales"],"_links":{"self":[{"href":"https:\/\/www.radiolimari.cl\/index.php?rest_route=\/wp\/v2\/posts\/3889","targetHints":{"allow":["GET"]}}],"collection":[{"href":"https:\/\/www.radiolimari.cl\/index.php?rest_route=\/wp\/v2\/posts"}],"about":[{"href":"https:\/\/www.radiolimari.cl\/index.php?rest_route=\/wp\/v2\/types\/post"}],"author":[{"embeddable":true,"href":"https:\/\/www.radiolimari.cl\/index.php?rest_route=\/wp\/v2\/users\/2"}],"replies":[{"embeddable":true,"href":"https:\/\/www.radiolimari.cl\/index.php?rest_route=%2Fwp%2Fv2%2Fcomments&post=3889"}],"version-history":[{"count":1,"href":"https:\/\/www.radiolimari.cl\/index.php?rest_route=\/wp\/v2\/posts\/3889\/revisions"}],"predecessor-version":[{"id":3891,"href":"https:\/\/www.radiolimari.cl\/index.php?rest_route=\/wp\/v2\/posts\/3889\/revisions\/3891"}],"wp:featuredmedia":[{"embeddable":true,"href":"https:\/\/www.radiolimari.cl\/index.php?rest_route=\/wp\/v2\/media\/3890"}],"wp:attachment":[{"href":"https:\/\/www.radiolimari.cl\/index.php?rest_route=%2Fwp%2Fv2%2Fmedia&parent=3889"}],"wp:term":[{"taxonomy":"category","embeddable":true,"href":"https:\/\/www.radiolimari.cl\/index.php?rest_route=%2Fwp%2Fv2%2Fcategories&post=3889"},{"taxonomy":"post_tag","embeddable":true,"href":"https:\/\/www.radiolimari.cl\/index.php?rest_route=%2Fwp%2Fv2%2Ftags&post=3889"}],"curies":[{"name":"wp","href":"https:\/\/api.w.org\/{rel}","templated":true}]}}