{"id":3881,"date":"2020-10-06T19:08:12","date_gmt":"2020-10-06T19:08:12","guid":{"rendered":"http:\/\/www.radiolimari.cl\/?p=3881"},"modified":"2020-10-06T19:08:12","modified_gmt":"2020-10-06T19:08:12","slug":"en-ovalle-equipos-de-salud-municipal-buscan-pesquisar-casos-covid-19-en-sectores-rurales","status":"publish","type":"post","link":"https:\/\/www.radiolimari.cl\/?p=3881","title":{"rendered":"En Ovalle Equipos de salud municipal buscan pesquisar casos covid-19 en sectores rurales"},"content":{"rendered":"<p><a href=\"https:\/\/www.radiolimari.cl\/wp-content\/uploads\/2020\/10\/6.10-PCR-ALAMEDA-6-DE-OCTUBRE.jpg\"><img fetchpriority=\"high\" decoding=\"async\" class=\"alignnone size-medium wp-image-3882\" src=\"https:\/\/www.radiolimari.cl\/wp-content\/uploads\/2020\/10\/6.10-PCR-ALAMEDA-6-DE-OCTUBRE-300x225.jpg\" alt=\"6.10 PCR ALAMEDA 6 DE OCTUBRE\" width=\"300\" height=\"225\" srcset=\"https:\/\/www.radiolimari.cl\/wp-content\/uploads\/2020\/10\/6.10-PCR-ALAMEDA-6-DE-OCTUBRE-300x225.jpg 300w, https:\/\/www.radiolimari.cl\/wp-content\/uploads\/2020\/10\/6.10-PCR-ALAMEDA-6-DE-OCTUBRE-1024x768.jpg 1024w\" sizes=\"(max-width: 300px) 100vw, 300px\" \/><\/a><\/p>\n<p><strong><em>Esta iniciativa comunal implementada por el departamento de Salud Municipal de Ovalle permite acercar la atenci\u00f3n a los usuarios, y aislar los casos positivos oportunamente. \u00a0<\/em><\/strong><!--more--><\/p>\n<p>Un completo despliegue ha realizado el Departamento de Salud municipal de Ovalle para llegar a distintos sectores de la comuna. Esto, a trav\u00e9s de la habilitaci\u00f3n de puntos m\u00f3viles para realizar una toma masiva de test PCR gratuitos, acci\u00f3n que se ha fortalecido en zonas rurales. Una estrategia que propone -como primer paso- anticipar la pesquisa mediante la b\u00fasqueda activa y un diagn\u00f3stico precoz de los casos positivos, en conjunto con la implementaci\u00f3n de un sistema de trazabilidad y aislamiento.<\/p>\n<p>Desde la puesta en marcha del plan testeo, trazabilidad y aislamiento del Ministerio de Salud, se han efectuado operativos en terreno en toda la comuna de Ovalle, para acercar la atenci\u00f3n a los usuarios y detectar los casos oportunamente.<\/p>\n<p>Como ya es habitual, este martes 6 de octubre el operativo contempla recorridos en Los Acacios, Potrerillos Alto y Cerro Blanco. Asimismo, el mi\u00e9rcoles 07, el equipo municipal de Salud se trasladar\u00e1 a Caleta El Toro, Pejerreyes y al sector Parque Ingl\u00e9s, II y III etapa, para continuar el jueves 8 de octubre en Potrerillos Bajo, Villa El Portal I etapa, poblaci\u00f3n Los Parronales y poblaci\u00f3n Arizt\u00eda. Finalizando el viernes 9 en Villa David Perry, poblaci\u00f3n Tapia, Cobresal y Romeral.<\/p>\n<p>El alcalde de Ovalle, Claudio Renter\u00eda, indic\u00f3 que \u201cahora que la comuna entra en fase de Transici\u00f3n, y entendiendo que las personas no tienen restricciones de movilidad, es necesario continuar con esta estrategia de salud que nos ha dado positivos resultados. El objetivo es que la comunidad tenga un acceso fluido a la toma de PCR gratuitos, y adem\u00e1s a la puerta de su casa, en los sectores rurales\u201d.<\/p>\n<p><strong>EL \u201cUBER\u201d DE LA SALUD<\/strong><\/p>\n<p>Para quienes tienen dificultades de traslado, y necesitan tomarse un PCR, el Departamento de Salud cuenta con un fono a trav\u00e9s del cual puede solicitar un m\u00f3vil que busca al paciente en su domicilio, lo traslada a su centro de salud y posteriormente lo regresa a su hogar. Para solicitar esta atenci\u00f3n, los pacientes deben llamar al n\u00famero celular +56966799356, de lunes a jueves de 08.30 a 16.30 horas, y los viernes de 08.30 a 15.30 horas.<\/p>\n","protected":false},"excerpt":{"rendered":"<p>Esta iniciativa comunal implementada por el departamento de Salud Municipal de Ovalle permite acercar la atenci\u00f3n a los usuarios, y aislar los casos positivos oportunamente. \u00a0<\/p>\n","protected":false},"author":2,"featured_media":3882,"comment_status":"open","ping_status":"open","sticky":false,"template":"","format":"standard","meta":{"footnotes":""},"categories":[5],"tags":[],"class_list":["post-3881","post","type-post","status-publish","format-standard","has-post-thumbnail","hentry","category-actualidad-limarina"],"_links":{"self":[{"href":"https:\/\/www.radiolimari.cl\/index.php?rest_route=\/wp\/v2\/posts\/3881","targetHints":{"allow":["GET"]}}],"collection":[{"href":"https:\/\/www.radiolimari.cl\/index.php?rest_route=\/wp\/v2\/posts"}],"about":[{"href":"https:\/\/www.radiolimari.cl\/index.php?rest_route=\/wp\/v2\/types\/post"}],"author":[{"embeddable":true,"href":"https:\/\/www.radiolimari.cl\/index.php?rest_route=\/wp\/v2\/users\/2"}],"replies":[{"embeddable":true,"href":"https:\/\/www.radiolimari.cl\/index.php?rest_route=%2Fwp%2Fv2%2Fcomments&post=3881"}],"version-history":[{"count":1,"href":"https:\/\/www.radiolimari.cl\/index.php?rest_route=\/wp\/v2\/posts\/3881\/revisions"}],"predecessor-version":[{"id":3883,"href":"https:\/\/www.radiolimari.cl\/index.php?rest_route=\/wp\/v2\/posts\/3881\/revisions\/3883"}],"wp:featuredmedia":[{"embeddable":true,"href":"https:\/\/www.radiolimari.cl\/index.php?rest_route=\/wp\/v2\/media\/3882"}],"wp:attachment":[{"href":"https:\/\/www.radiolimari.cl\/index.php?rest_route=%2Fwp%2Fv2%2Fmedia&parent=3881"}],"wp:term":[{"taxonomy":"category","embeddable":true,"href":"https:\/\/www.radiolimari.cl\/index.php?rest_route=%2Fwp%2Fv2%2Fcategories&post=3881"},{"taxonomy":"post_tag","embeddable":true,"href":"https:\/\/www.radiolimari.cl\/index.php?rest_route=%2Fwp%2Fv2%2Ftags&post=3881"}],"curies":[{"name":"wp","href":"https:\/\/api.w.org\/{rel}","templated":true}]}}