{"id":3865,"date":"2020-10-05T19:00:23","date_gmt":"2020-10-05T19:00:23","guid":{"rendered":"http:\/\/www.radiolimari.cl\/?p=3865"},"modified":"2020-10-05T19:00:23","modified_gmt":"2020-10-05T19:00:23","slug":"ovalle-mantendra-las-fiscalizaciones-pese-al-avance-hacia-la-etapa-de-transicion","status":"publish","type":"post","link":"https:\/\/www.radiolimari.cl\/?p=3865","title":{"rendered":"Ovalle mantendr\u00e1 las fiscalizaciones pese al avance hacia la etapa de Transici\u00f3n"},"content":{"rendered":"<p><a href=\"https:\/\/www.radiolimari.cl\/wp-content\/uploads\/2020\/10\/5.10-gobernacion.jpg\"><img decoding=\"async\" class=\"alignnone size-medium wp-image-3866\" src=\"https:\/\/www.radiolimari.cl\/wp-content\/uploads\/2020\/10\/5.10-gobernacion-300x147.jpg\" alt=\"5.10 gobernacion\" width=\"300\" height=\"147\" srcset=\"https:\/\/www.radiolimari.cl\/wp-content\/uploads\/2020\/10\/5.10-gobernacion-300x147.jpg 300w, https:\/\/www.radiolimari.cl\/wp-content\/uploads\/2020\/10\/5.10-gobernacion.jpg 1024w\" sizes=\"(max-width: 300px) 100vw, 300px\" \/><\/a><\/p>\n<p><strong><em>As\u00ed lo ratific\u00f3 el Intendente (s) Gonzalo Chac\u00f3n, luego de encabezar un comit\u00e9 de crisis en Ovalle. La autoridad reiter\u00f3 que \u201csi bien han bajado los contagios, la pandemia contin\u00faa\u00bb<\/em><\/strong><!--more--><\/p>\n<p>En la ciudad de Ovalle comenz\u00f3 a verse mayor movilidad tanto de peatones como de veh\u00edculos. Y es que esta semana la capital de la Provincia de Limar\u00ed comenz\u00f3 a vivir su desconfinamiento efectivo tras 6 semanas de cuarentena.<\/p>\n<p>Un proceso que fue monitoreado por el comit\u00e9 de crisis, el que sesion\u00f3 en la comuna y que fue encabezado por el Intendente (s) de Coquimbo, Gonzalo Chac\u00f3n. La autoridad se\u00f1al\u00f3 que <strong>\u201cestamos comprometidos para seguir trabajando para que Ovalle siga avanzando hacia las pr\u00f3ximas etapas. Pero para ellos es vital el comportamiento de toda la comunidad. En esta fase 2, si bien tiene mayores libertades, tambi\u00e9n hay mayores responsabilidades\u201d<\/strong>.<\/p>\n<p>Pese a la mayor movilidad que fue vista durante las primeras horas de este lunes, desde el Gobierno indicaron que las fiscalizaciones de las medidas preventivas continuar\u00e1n en la comuna.<\/p>\n<p><strong>\u201cSi bien han bajado los contagios, la pandemia contin\u00faa. Eso es importante que la ciudadan\u00eda entienda. Las fiscalizaciones van a continuar, con el Ej\u00e9rcito, Carabineros, la PDI, el Municipio y la Seremi de salud continu\u00e1remos desplegados para que se cumplan las recomendaciones. Muchos se pueden relajar, pero debemos tener presente que esta situaci\u00f3n no ha terminado\u201d<\/strong>,acot\u00f3 el Intendente (s) Chac\u00f3n.<\/p>\n<p>Ovalle dej\u00f3 la cuarentena a partir del s\u00e1bado 03 de octubre, luego que redujera sus niveles de contagios activos y casos reportados diariamente.<\/p>\n<p>En esta l\u00ednea, el Seremi de Salud, Alejandro Garc\u00eda se\u00f1al\u00f3 que <strong>\u201choy tenemos cerca de 118 casos activos y esperamos bajar a 100. Mantendremos la estrategia TTA (Testear, Trazar y Asilar), nos acercaremos no s\u00f3lo a las zonas m\u00e1s complejas, tambi\u00e9n a los lugares donde podr\u00edan ir llegando mayor cantidad de personas\u201d<\/strong>.<\/p>\n<p>Respecto a la seguridad en la comuna, la Jefatura de la Defensa dio a conocer que no se reportaron inconvenientes ni incidentes durante este fin de semana. <strong>\u201cTenemos un balance positivo, no tuvimos gran movilidad, tampoco mayor cantidad de infractores por salir sin permiso. La gente entendi\u00f3 el paso que dimos, pero este lunes estamos notando mayores desplazamientos, pero estamos trabajando para hacer cumplir las normativas del Ministerio de Salud\u201d<\/strong>, indic\u00f3 el Mayor Ricardo Cabezas, Delegado de la Jefatura de la Defensa en la Provincia de Limar\u00ed.<\/p>\n<p>Mientras que el Alcalde Claudio Renter\u00eda, hizo un llamado a reforzar el autocuidado. <strong>\u201cNuestra comuna no s\u00f3lo les presta servicios a los ovallinos, tambi\u00e9n a las comunas aleda\u00f1as, por eso es importante mantener todas recomendaciones preventivas, a respetar a las dem\u00e1s personas para que no nos contagiemos, a salir lo m\u00ednimo. Para dar un nuevo paso, dependemos, de la buena actitud que han demostrado y seguir\u00e1n demostrando los vecinos\u201d<\/strong>, subray\u00f3 el jefe comunal.<\/p>\n<p>Cabe recordar que en la etapa\u00a0 de transici\u00f3n la comunidad podr\u00e1 movilizarse sin necesidad de permisos especiales de lunes a viernes. Sin embargo, los fines de semana y d\u00edas festivos, correr\u00e1n todas las restricciones propias de una cuarentena, por lo que las personas deber\u00e1n gestionar su permiso respectivo.<\/p>\n<p>&nbsp;<\/p>\n","protected":false},"excerpt":{"rendered":"<p>As\u00ed lo ratific\u00f3 el Intendente (s) Gonzalo Chac\u00f3n, luego de encabezar un comit\u00e9 de crisis en Ovalle. La autoridad reiter\u00f3 que \u201csi bien han bajado los contagios, la pandemia contin\u00faa\u00bb<\/p>\n","protected":false},"author":2,"featured_media":3866,"comment_status":"open","ping_status":"open","sticky":false,"template":"","format":"standard","meta":{"footnotes":""},"categories":[5],"tags":[],"class_list":["post-3865","post","type-post","status-publish","format-standard","has-post-thumbnail","hentry","category-actualidad-limarina"],"_links":{"self":[{"href":"https:\/\/www.radiolimari.cl\/index.php?rest_route=\/wp\/v2\/posts\/3865","targetHints":{"allow":["GET"]}}],"collection":[{"href":"https:\/\/www.radiolimari.cl\/index.php?rest_route=\/wp\/v2\/posts"}],"about":[{"href":"https:\/\/www.radiolimari.cl\/index.php?rest_route=\/wp\/v2\/types\/post"}],"author":[{"embeddable":true,"href":"https:\/\/www.radiolimari.cl\/index.php?rest_route=\/wp\/v2\/users\/2"}],"replies":[{"embeddable":true,"href":"https:\/\/www.radiolimari.cl\/index.php?rest_route=%2Fwp%2Fv2%2Fcomments&post=3865"}],"version-history":[{"count":1,"href":"https:\/\/www.radiolimari.cl\/index.php?rest_route=\/wp\/v2\/posts\/3865\/revisions"}],"predecessor-version":[{"id":3867,"href":"https:\/\/www.radiolimari.cl\/index.php?rest_route=\/wp\/v2\/posts\/3865\/revisions\/3867"}],"wp:featuredmedia":[{"embeddable":true,"href":"https:\/\/www.radiolimari.cl\/index.php?rest_route=\/wp\/v2\/media\/3866"}],"wp:attachment":[{"href":"https:\/\/www.radiolimari.cl\/index.php?rest_route=%2Fwp%2Fv2%2Fmedia&parent=3865"}],"wp:term":[{"taxonomy":"category","embeddable":true,"href":"https:\/\/www.radiolimari.cl\/index.php?rest_route=%2Fwp%2Fv2%2Fcategories&post=3865"},{"taxonomy":"post_tag","embeddable":true,"href":"https:\/\/www.radiolimari.cl\/index.php?rest_route=%2Fwp%2Fv2%2Ftags&post=3865"}],"curies":[{"name":"wp","href":"https:\/\/api.w.org\/{rel}","templated":true}]}}