{"id":3860,"date":"2020-10-05T16:48:07","date_gmt":"2020-10-05T16:48:07","guid":{"rendered":"http:\/\/www.radiolimari.cl\/?p=3860"},"modified":"2020-10-05T16:48:07","modified_gmt":"2020-10-05T16:48:07","slug":"intensas-fiscalizaciones-se-realizaron-en-ovalle-durante-el-primer-dia-en-fase-de-transicion","status":"publish","type":"post","link":"https:\/\/www.radiolimari.cl\/?p=3860","title":{"rendered":"Intensas fiscalizaciones se realizaron en Ovalle durante el primer d\u00eda en Fase de Transici\u00f3n"},"content":{"rendered":"<p><a href=\"https:\/\/www.radiolimari.cl\/wp-content\/uploads\/2020\/10\/5.10-Fiscalizacion-primer-d\u00eda-de-FASE-II-en-Ovalle-2.jpg\"><img fetchpriority=\"high\" decoding=\"async\" class=\"alignnone size-medium wp-image-3861\" src=\"https:\/\/www.radiolimari.cl\/wp-content\/uploads\/2020\/10\/5.10-Fiscalizacion-primer-d\u00eda-de-FASE-II-en-Ovalle-2-300x225.jpg\" alt=\"5.10 Fiscalizacion primer d\u00eda de FASE II en Ovalle 2\" width=\"300\" height=\"225\" srcset=\"https:\/\/www.radiolimari.cl\/wp-content\/uploads\/2020\/10\/5.10-Fiscalizacion-primer-d\u00eda-de-FASE-II-en-Ovalle-2-300x225.jpg 300w, https:\/\/www.radiolimari.cl\/wp-content\/uploads\/2020\/10\/5.10-Fiscalizacion-primer-d\u00eda-de-FASE-II-en-Ovalle-2-1024x768.jpg 1024w\" sizes=\"(max-width: 300px) 100vw, 300px\" \/><\/a><\/p>\n<p><strong><em>Personal del Ej\u00e9rcito, Carabineros, Salud y funcionarios municipales se desplegaron por diversos sectores con la finalidad de cerciorarse que la comunidad cumpla con las medidas sanitarias, en el marco de la etapa de Transici\u00f3n. El alcalde Claudio Renter\u00eda hizo un llamado a la conciencia y a la responsabilidad, para no retroceder y volver a la cuarentena. \u00a0<\/em><\/strong><!--more--><\/p>\n<p>Con el prop\u00f3sito que la comunidad cumpla con las normas sanitarias establecidas para la FASE II o de Transici\u00f3n, personal de Ej\u00e9rcito, Carabineros, PDI e inspectores de Salud y del municipio local iniciaron un proceso de fiscalizaci\u00f3n en Ovalle.<\/p>\n<p>El despliegue se realiz\u00f3 en la zona c\u00e9ntrica de la ciudad, a trav\u00e9s de un trabajo focal, sobretodo en \u00e1reas de alta aglomeraci\u00f3n como bancos, sucursales de AFP, centros de abastecimiento, Paseo Peatonal y calle Benavente, donde se exige un distanciamiento social \u00f3ptimo, el uso obligatorio de mascarillas.<\/p>\n<p>El personal de Carabineros, de Salud e inspectores municipales fiscaliz\u00f3 que los locales comerciales establecidos cumplan con las normas sanitarias y los cuidados necesarios, para evitar focos de contagio por Covid-19. \u201cRealizaremos operativos de acci\u00f3n focal que consisten en verificar el cumplimiento del distanciamiento social, uso de elementos de protecci\u00f3n personal y as\u00ed tambi\u00e9n que locales comerciales que abrieron sus puertas cumplan con las normas establecidas por la autoridad sanitaria, como el aforo necesario, la toma de temperatura y la entrega de alcohol gel a sus clientes\u201d sostuvo el mayor de Ej\u00e9rcito, Ricardo Cabezas.<\/p>\n<p>Asimismo, el comisario de Carabineros, Nibaldo Lillo indic\u00f3 que las fiscalizaciones ser\u00e1n tan exhaustivas como fueron durante la cuarentena. \u201cNosotros mantendremos a nuestro personal y vamos a ser intransigente con las fiscalizaciones y las personas que no cumplan ser\u00e1n detenidas e infraccionadas y que no quepa ninguna duda que daremos cuenta a la Fiscal\u00eda, si es que el caso as\u00ed lo requiere\u201d.<\/p>\n<p>Al respecto, el alcalde de Ovalle Claudio Renter\u00eda sostuvo que el buen comportamiento de la comunidad en la etapa de Transici\u00f3n es tan importante como en FASE I, porque \u201cdebemos mantener las conductas de autocuidado y evitar las salidas si no son realmente justificadas, porque de lo contrario, lamentablemente, vamos a retroceder y eso es lo que ninguno de nosotros quiere, porque ya tuvimos la experiencia de la cuarentena, que es una medida muy restrictiva y que trae consecuencias principalmente para las actividades comerciales\u201d.<\/p>\n<p>FASE II O DE TRANSICI\u00d3N<\/p>\n<p>En la etapa de Transici\u00f3n, se mantiene la cuarentena los d\u00edas s\u00e1bado, domingo y festivos y el resto de la semana se permite el desplazamiento s\u00f3lo entre comunas que se encuentren en el paso 2.\u00a0 Adem\u00e1s, se mantiene la cuarentena obligatoria para los mayores de 75 a\u00f1os, aunque existe un permiso especial para que los adultos mayores puedan salir durante 60 minutos, tres veces por semana. Est\u00e1 prohibido el traslado a la segunda vivienda, el funcionamiento de Clubes y Centros de d\u00eda de Adulto Mayores, cines, teatros y similares. A estos se suman, restoranes, caf\u00e9s, pub, discotheque y gimnasios.<\/p>\n<p>En lo que respecta, a actividades deportivas se permitir\u00e1n en lugares abiertos con un m\u00e1ximo de 10 personas. Asimismo, se podr\u00e1 participar en eventos sociales y recreativos con un m\u00e1ximo 20 personas en lugares abiertos y 10 en lugares cerrados (adicionales a las de la residencia).<\/p>\n<p>&nbsp;<\/p>\n","protected":false},"excerpt":{"rendered":"<p>Personal del Ej\u00e9rcito, Carabineros, Salud y funcionarios municipales se desplegaron por diversos sectores con la finalidad de cerciorarse que la comunidad cumpla con las medidas sanitarias, en el marco de la etapa de Transici\u00f3n. El alcalde Claudio Renter\u00eda hizo un llamado a la conciencia y a la responsabilidad, para no retroceder y volver a la &#8230;<\/p>\n","protected":false},"author":2,"featured_media":3861,"comment_status":"open","ping_status":"open","sticky":false,"template":"","format":"standard","meta":{"footnotes":""},"categories":[5],"tags":[],"class_list":["post-3860","post","type-post","status-publish","format-standard","has-post-thumbnail","hentry","category-actualidad-limarina"],"_links":{"self":[{"href":"https:\/\/www.radiolimari.cl\/index.php?rest_route=\/wp\/v2\/posts\/3860","targetHints":{"allow":["GET"]}}],"collection":[{"href":"https:\/\/www.radiolimari.cl\/index.php?rest_route=\/wp\/v2\/posts"}],"about":[{"href":"https:\/\/www.radiolimari.cl\/index.php?rest_route=\/wp\/v2\/types\/post"}],"author":[{"embeddable":true,"href":"https:\/\/www.radiolimari.cl\/index.php?rest_route=\/wp\/v2\/users\/2"}],"replies":[{"embeddable":true,"href":"https:\/\/www.radiolimari.cl\/index.php?rest_route=%2Fwp%2Fv2%2Fcomments&post=3860"}],"version-history":[{"count":1,"href":"https:\/\/www.radiolimari.cl\/index.php?rest_route=\/wp\/v2\/posts\/3860\/revisions"}],"predecessor-version":[{"id":3862,"href":"https:\/\/www.radiolimari.cl\/index.php?rest_route=\/wp\/v2\/posts\/3860\/revisions\/3862"}],"wp:featuredmedia":[{"embeddable":true,"href":"https:\/\/www.radiolimari.cl\/index.php?rest_route=\/wp\/v2\/media\/3861"}],"wp:attachment":[{"href":"https:\/\/www.radiolimari.cl\/index.php?rest_route=%2Fwp%2Fv2%2Fmedia&parent=3860"}],"wp:term":[{"taxonomy":"category","embeddable":true,"href":"https:\/\/www.radiolimari.cl\/index.php?rest_route=%2Fwp%2Fv2%2Fcategories&post=3860"},{"taxonomy":"post_tag","embeddable":true,"href":"https:\/\/www.radiolimari.cl\/index.php?rest_route=%2Fwp%2Fv2%2Ftags&post=3860"}],"curies":[{"name":"wp","href":"https:\/\/api.w.org\/{rel}","templated":true}]}}