{"id":3854,"date":"2020-10-02T18:39:47","date_gmt":"2020-10-02T18:39:47","guid":{"rendered":"http:\/\/www.radiolimari.cl\/?p=3854"},"modified":"2020-10-02T18:39:47","modified_gmt":"2020-10-02T18:39:47","slug":"poblacion-8-de-julio-de-ovalle-contara-con-luminarias-led-gracias-al-programa-quiero-mi-barrio","status":"publish","type":"post","link":"https:\/\/www.radiolimari.cl\/?p=3854","title":{"rendered":"Poblaci\u00f3n 8 de julio de Ovalle, contar\u00e1 con luminarias LED gracias al programa Quiero Mi Barrio"},"content":{"rendered":"<p><a href=\"https:\/\/www.radiolimari.cl\/wp-content\/uploads\/2020\/10\/2.10-Poblaci\u00f3n-8-de-julio.jpg\"><img fetchpriority=\"high\" decoding=\"async\" class=\"alignnone size-medium wp-image-3855\" src=\"https:\/\/www.radiolimari.cl\/wp-content\/uploads\/2020\/10\/2.10-Poblaci\u00f3n-8-de-julio-300x225.jpg\" alt=\"2.10 Poblaci\u00f3n 8 de julio\" width=\"300\" height=\"225\" srcset=\"https:\/\/www.radiolimari.cl\/wp-content\/uploads\/2020\/10\/2.10-Poblaci\u00f3n-8-de-julio-300x225.jpg 300w, https:\/\/www.radiolimari.cl\/wp-content\/uploads\/2020\/10\/2.10-Poblaci\u00f3n-8-de-julio-1024x768.jpg 1024w\" sizes=\"(max-width: 300px) 100vw, 300px\" \/><\/a><\/p>\n<p><strong><em>El alcalde de Ovalle, Claudio Renter\u00eda firm\u00f3 el convenio con el ministerio de Vivienda y Urbanismo (MINVU), lo que permitir\u00e1 en los pr\u00f3ximos meses materializar la denominada \u201cObra de Confianza\u201d, que ser\u00e1 financiada por la entidad gubernamental y el municipio local que alcanza una inversi\u00f3n de 87 millones de pesos. <\/em><\/strong><!--more--><\/p>\n<p>Una intervenci\u00f3n hist\u00f3rica se materializar\u00e1 en los pr\u00f3ximos meses en la poblaci\u00f3n 8 de julio, gracias al programa Quiero Mi Barrio y el trabajo conjunto entre el ministerio de Vivienda y Urbanismo (MINVU) y el municipio local, lo que significar\u00e1 una inversi\u00f3n de $788.300.000<\/p>\n<p>&nbsp;<\/p>\n<p>Este proyecto se concretar\u00e1 en el periodo 2019-2021 y se iniciar\u00e1 con la denominada \u201cObra de Confianza\u201d, que ser\u00e1 la implementaci\u00f3n de luminarias LED en toda la zona residencial, gracias al financiamiento del MINVU por un monto de 40 millones de pesos y el aporte del municipio de Ovalle, que alcanza los 47 millones de pesos. Durante el mes de noviembre se iniciar\u00e1 el proceso de licitaci\u00f3n, para conocer a la empresa que ejecutar\u00e1 los trabajos f\u00edsicos.<\/p>\n<p>&nbsp;<\/p>\n<p>\u201cEste proyecto mejorar\u00e1 la luminosidad del sector y le cambiar\u00e1 la vida a las familias residentes. Es importante mencionar que a trav\u00e9s de este programa se efect\u00faa un trabajo en conjunto con los vecinos, porque son ellos, quienes deciden qu\u00e9 aspectos intervenir y mejorar de su poblaci\u00f3n\u201d sostuvo el alcalde de Ovalle, Claudio Renter\u00eda.<\/p>\n<p>&nbsp;<\/p>\n<p>La autoridad comunal firm\u00f3 el convenio con el MINVU, con el cual se inicia la Fase II del programa Quiero Mi Barrio. Se trata de la etapa m\u00e1s importante, en la cual se materializan las obras, que en este caso favorecer\u00e1n a las 299 familias que residen en el lugar. \u201cLos vecinos, en las reuniones que tuvimos indicaron algunos proyectos que quer\u00edan desarrollar, pero ahora deben ser priorizados, firmar el contrato de barrios y luego realizar su ejecuci\u00f3n\u201d indic\u00f3 el encargado de la Oficina Municipal de la Vivienda, Danilo Segovia. El profesional agreg\u00f3 que en esta fase \u201cse instalar\u00e1 la Oficina Barrial, donde el personal trabajar\u00e1 directamente con los vecinos, para conformar el Consejo Vecinal de Desarrollo\u201d.<\/p>\n<p>&nbsp;<\/p>\n<p>Actualmente, en la poblaci\u00f3n 8 de Julio viven alrededor de 1.040 habitantes distribuidos en 20 manzanas y es el \u00fanico barrio de la regi\u00f3n que fue seleccionado en el llamado regular 2019 del programa Quiero mi Barrio, lo que permitir\u00e1 darle una nueva imagen al sector y mejorar la calidad de vida de sus residentes.<\/p>\n<p>Recordemos, que en Ovalle, a trav\u00e9s del programa Quiero Mi Barrio, se han intervenido las poblaciones Carmelitana, Media Hacienda, 21 de mayo, la villa San Jos\u00e9 de la Dehesa y ahora la poblaci\u00f3n 8 de julio.<\/p>\n<p>&nbsp;<\/p>\n","protected":false},"excerpt":{"rendered":"<p>El alcalde de Ovalle, Claudio Renter\u00eda firm\u00f3 el convenio con el ministerio de Vivienda y Urbanismo (MINVU), lo que permitir\u00e1 en los pr\u00f3ximos meses materializar la denominada \u201cObra de Confianza\u201d, que ser\u00e1 financiada por la entidad gubernamental y el municipio local que alcanza una inversi\u00f3n de 87 millones de pesos.<\/p>\n","protected":false},"author":2,"featured_media":3855,"comment_status":"open","ping_status":"open","sticky":false,"template":"","format":"standard","meta":{"footnotes":""},"categories":[5],"tags":[],"class_list":["post-3854","post","type-post","status-publish","format-standard","has-post-thumbnail","hentry","category-actualidad-limarina"],"_links":{"self":[{"href":"https:\/\/www.radiolimari.cl\/index.php?rest_route=\/wp\/v2\/posts\/3854","targetHints":{"allow":["GET"]}}],"collection":[{"href":"https:\/\/www.radiolimari.cl\/index.php?rest_route=\/wp\/v2\/posts"}],"about":[{"href":"https:\/\/www.radiolimari.cl\/index.php?rest_route=\/wp\/v2\/types\/post"}],"author":[{"embeddable":true,"href":"https:\/\/www.radiolimari.cl\/index.php?rest_route=\/wp\/v2\/users\/2"}],"replies":[{"embeddable":true,"href":"https:\/\/www.radiolimari.cl\/index.php?rest_route=%2Fwp%2Fv2%2Fcomments&post=3854"}],"version-history":[{"count":1,"href":"https:\/\/www.radiolimari.cl\/index.php?rest_route=\/wp\/v2\/posts\/3854\/revisions"}],"predecessor-version":[{"id":3856,"href":"https:\/\/www.radiolimari.cl\/index.php?rest_route=\/wp\/v2\/posts\/3854\/revisions\/3856"}],"wp:featuredmedia":[{"embeddable":true,"href":"https:\/\/www.radiolimari.cl\/index.php?rest_route=\/wp\/v2\/media\/3855"}],"wp:attachment":[{"href":"https:\/\/www.radiolimari.cl\/index.php?rest_route=%2Fwp%2Fv2%2Fmedia&parent=3854"}],"wp:term":[{"taxonomy":"category","embeddable":true,"href":"https:\/\/www.radiolimari.cl\/index.php?rest_route=%2Fwp%2Fv2%2Fcategories&post=3854"},{"taxonomy":"post_tag","embeddable":true,"href":"https:\/\/www.radiolimari.cl\/index.php?rest_route=%2Fwp%2Fv2%2Ftags&post=3854"}],"curies":[{"name":"wp","href":"https:\/\/api.w.org\/{rel}","templated":true}]}}