{"id":3849,"date":"2020-10-02T15:11:36","date_gmt":"2020-10-02T15:11:36","guid":{"rendered":"http:\/\/www.radiolimari.cl\/?p=3849"},"modified":"2020-10-02T15:11:36","modified_gmt":"2020-10-02T15:11:36","slug":"junji-coquimbo-ejecutara-la-construccion-de-un-nuevo-jardin-infantil-en-punitaqui","status":"publish","type":"post","link":"https:\/\/www.radiolimari.cl\/?p=3849","title":{"rendered":"Junji Coquimbo ejecutar\u00e1 la construcci\u00f3n de un nuevo jard\u00edn infantil en Punitaqui"},"content":{"rendered":"<p><a href=\"https:\/\/www.radiolimari.cl\/wp-content\/uploads\/2020\/10\/2.10-PUNITAQUI.jpg\"><img decoding=\"async\" class=\"alignnone size-medium wp-image-3850\" src=\"https:\/\/www.radiolimari.cl\/wp-content\/uploads\/2020\/10\/2.10-PUNITAQUI-300x165.jpg\" alt=\"2.10 PUNITAQUI\" width=\"300\" height=\"165\" srcset=\"https:\/\/www.radiolimari.cl\/wp-content\/uploads\/2020\/10\/2.10-PUNITAQUI-300x165.jpg 300w, https:\/\/www.radiolimari.cl\/wp-content\/uploads\/2020\/10\/2.10-PUNITAQUI-1024x564.jpg 1024w, https:\/\/www.radiolimari.cl\/wp-content\/uploads\/2020\/10\/2.10-PUNITAQUI.jpg 1280w\" sizes=\"(max-width: 300px) 100vw, 300px\" \/><\/a><\/p>\n<p><em>La unidad educativa tendr\u00e1 una cobertura para 24 p\u00e1rvulos y contar\u00e1 con una sala cuna y un nivel medio<\/em>.<!--more--><\/p>\n<p>En el encuentro virtual y ciudadano Somos Vecinos de la Junta Nacional de Jardines Infantiles (Junji) se dio a conocer al alcalde de Punitaqui, Carlos Araya y a representantes de organizaciones sociales y vecinales de la comuna, la ejecuci\u00f3n del nuevo jard\u00edn infantil La Ramadas, el cual se encuentra hoy en etapa licitaci\u00f3n del dise\u00f1o de la obra, para posteriormente iniciar su construcci\u00f3n en 2021.<\/p>\n<p>La noticia fue entregada por el director regional de la Junji, Tom\u00e1s Gonz\u00e1lez, y por su equipo de arquitectos de la unidad de construcci\u00f3n y mantenci\u00f3n de espacios educativos, quienes detallaron los alcances del proyecto y las etapas de ejecuci\u00f3n.<\/p>\n<p>\u201cEsta es una gran noticia para los punitaquinos, ya que podremos concretar un anhelado proyecto para la comunidad, y entregar a trav\u00e9s de esta iniciativa una cobertura para 24 ni\u00f1as y ni\u00f1os en sala cuna y nivel medio, en un espacio educativo con los m\u00e1s altos est\u00e1ndares de calidad\u201d, destac\u00f3, Tom\u00e1s Gonz\u00e1lez, director regional de la instituci\u00f3n.<\/p>\n<p>En esa l\u00ednea, el alcalde de Punitaqui, Carlos Araya, manifest\u00f3 \u201cen el sector de las ramadas estamos desarrollando un plan maestro y la construcci\u00f3n del jard\u00edn viene a coronar todo el esfuerzo del trabajo que se ha estado realizando junto a la comunidad, por lo que quiero agradecer esta instancia en donde todos somos vecinos y vecinas, y que todos al final del d\u00eda tenemos que empujar el carro para que las comunas rurales tengan progreso y avances\u201d.<\/p>\n<p>Por su parte, la dirigenta del sector Las Ramadas, Silvia Torrej\u00f3n valor\u00f3 la puesta en marcha de este jard\u00edn. \u201cEstoy contenta, tanto la directiva como el pueblo de las ramadas, y esto es fruto de un trabajo conjunto, por los ni\u00f1os y las mam\u00e1s que la mayor\u00eda son temporeras, esto es un sue\u00f1o y un logro tanto del municipio, Junji y estoy muy feliz por ello\u201d.<\/p>\n<p><strong>Caracter\u00edsticas del proyecto<\/strong><\/p>\n<p>Para la realizaci\u00f3n de este proyecto se invertir\u00e1n m\u00e1s de 350 millones de pesos y se emplazar\u00e1 en una superficie de 275 metros cuadrados en el sector \u201cLa Ramadas\u201d. La nueva iniciativa contar\u00e1 con aulas m\u00e1s amplias y equipamientos modulares, livianos y flexibles. Se construir\u00e1n \u00e1reas verdes y espacios adaptables para ni\u00f1os con necesidades educativas especiales.<\/p>\n<p>Adem\u00e1s, el edificio tendr\u00e1 una sala de amamantamiento, comedor para educadoras y manipuladoras de alimentos, patios con juegos infantiles, piso de caucho y sombreadero tipo toldo.<\/p>\n<p><strong>\u00a0<\/strong><\/p>\n","protected":false},"excerpt":{"rendered":"<p>La unidad educativa tendr\u00e1 una cobertura para 24 p\u00e1rvulos y contar\u00e1 con una sala cuna y un nivel medio.<\/p>\n","protected":false},"author":2,"featured_media":3850,"comment_status":"open","ping_status":"open","sticky":false,"template":"","format":"standard","meta":{"footnotes":""},"categories":[5],"tags":[],"class_list":["post-3849","post","type-post","status-publish","format-standard","has-post-thumbnail","hentry","category-actualidad-limarina"],"_links":{"self":[{"href":"https:\/\/www.radiolimari.cl\/index.php?rest_route=\/wp\/v2\/posts\/3849","targetHints":{"allow":["GET"]}}],"collection":[{"href":"https:\/\/www.radiolimari.cl\/index.php?rest_route=\/wp\/v2\/posts"}],"about":[{"href":"https:\/\/www.radiolimari.cl\/index.php?rest_route=\/wp\/v2\/types\/post"}],"author":[{"embeddable":true,"href":"https:\/\/www.radiolimari.cl\/index.php?rest_route=\/wp\/v2\/users\/2"}],"replies":[{"embeddable":true,"href":"https:\/\/www.radiolimari.cl\/index.php?rest_route=%2Fwp%2Fv2%2Fcomments&post=3849"}],"version-history":[{"count":1,"href":"https:\/\/www.radiolimari.cl\/index.php?rest_route=\/wp\/v2\/posts\/3849\/revisions"}],"predecessor-version":[{"id":3851,"href":"https:\/\/www.radiolimari.cl\/index.php?rest_route=\/wp\/v2\/posts\/3849\/revisions\/3851"}],"wp:featuredmedia":[{"embeddable":true,"href":"https:\/\/www.radiolimari.cl\/index.php?rest_route=\/wp\/v2\/media\/3850"}],"wp:attachment":[{"href":"https:\/\/www.radiolimari.cl\/index.php?rest_route=%2Fwp%2Fv2%2Fmedia&parent=3849"}],"wp:term":[{"taxonomy":"category","embeddable":true,"href":"https:\/\/www.radiolimari.cl\/index.php?rest_route=%2Fwp%2Fv2%2Fcategories&post=3849"},{"taxonomy":"post_tag","embeddable":true,"href":"https:\/\/www.radiolimari.cl\/index.php?rest_route=%2Fwp%2Fv2%2Ftags&post=3849"}],"curies":[{"name":"wp","href":"https:\/\/api.w.org\/{rel}","templated":true}]}}