{"id":3846,"date":"2020-10-02T15:00:53","date_gmt":"2020-10-02T15:00:53","guid":{"rendered":"http:\/\/www.radiolimari.cl\/?p=3846"},"modified":"2020-10-02T15:00:53","modified_gmt":"2020-10-02T15:00:53","slug":"gobierno-reconoce-labor-del-general-pablo-onetto-a-dias-de-dejar-la-jefatura-de-la-defensa-regional","status":"publish","type":"post","link":"https:\/\/www.radiolimari.cl\/?p=3846","title":{"rendered":"Gobierno reconoce labor del General Pablo Onetto a d\u00edas de dejar la Jefatura de la Defensa Regional"},"content":{"rendered":"<p><a href=\"https:\/\/www.radiolimari.cl\/wp-content\/uploads\/2020\/10\/2.10-intendenmcia.jpg\"><img fetchpriority=\"high\" decoding=\"async\" class=\"alignnone size-medium wp-image-3847\" src=\"https:\/\/www.radiolimari.cl\/wp-content\/uploads\/2020\/10\/2.10-intendenmcia-300x200.jpg\" alt=\"2.10 intendenmcia\" width=\"300\" height=\"200\" srcset=\"https:\/\/www.radiolimari.cl\/wp-content\/uploads\/2020\/10\/2.10-intendenmcia-300x200.jpg 300w, https:\/\/www.radiolimari.cl\/wp-content\/uploads\/2020\/10\/2.10-intendenmcia.jpg 1024w\" sizes=\"(max-width: 300px) 100vw, 300px\" \/><\/a><\/p>\n<p>&#8211;\u00a0\u00a0\u00a0\u00a0\u00a0\u00a0 <strong><em>Intendente (s) Gonzalo Chac\u00f3n valor\u00f3 el apoyo del alto mando militar en medio de esta crisis sanitaria. \u201cAgradecemos su compromiso, especialmente en los momentos de la cuarentena en La Serena, Coquimbo y Ovalle\u201d, se\u00f1al\u00f3.<\/em><\/strong><!--more--><\/p>\n<p>A partir del martes 06 de octubre, asumir\u00e1 en la Regi\u00f3n de Coquimbo el General Patrice Van de Maele como nuevo jefe de la Defensa Regional en reemplazo del General Pablo Onetto por designaci\u00f3n del Presidente de la Rep\u00fablica, Sebasti\u00e1n Pi\u00f1era.<\/p>\n<p>De esta manera, Onetto culmina 200 d\u00edas a la cabeza de las fuerzas de orden y seguridad. Un trabajo que fue reconocido y destacado por el Intendente (s) Gonzalo Chac\u00f3n quien se reuni\u00f3 con ambas autoridades del Ej\u00e9rcito.<\/p>\n<p><strong>\u201cComo Gobierno le deseamos el mayor de los \u00e9xitos en sus pr\u00f3ximos desaf\u00edos al General Onetto y agradecerle su compromiso y profesionalismo durante la pandemia del coronavirus, especialmente en los momentos de cuarentena en La Serena, Coquimbo y Ovalle. Y al nuevo alto mando le damos la bienvenida para seguir trabajando en conjunto y seguir combatiendo juntos esta emergencia sanitaria en la regi\u00f3n\u201d<\/strong>, dijo el Intendente (s) Chac\u00f3n.<\/p>\n<p>El General Pablo Onetto continuar\u00e1 hasta las primeras horas de este lunes como Jefe de la Defensa, para luego asumir sus funciones como Comandante de la Segunda Divisi\u00f3n Motorizada del Ej\u00e9rcito.<\/p>\n<p>A d\u00edas de dejar su cargo, Onetto coment\u00f3 que <strong>\u201ctuvimos momentos muy complejos. Y en ese contexto desarrollamos lazos profesionales muy importantes. Ha sido un tiempo bastante largo, pero muy gratificante y agradezco a las autoridades que han apoyado la gesti\u00f3n de todos los funcionarios de las Fuerzas Armadas y de Orden\u201d<\/strong>.<\/p>\n<p>En tanto, el General Van de Maele viene desde el cuartel central del Ej\u00e9rcito, donde se desempe\u00f1a como Jefe de Proyectos e Investigaci\u00f3n de la instituci\u00f3n. <strong>\u201cMantendremos nuestro compromiso 24\/7 para cooperar con las autoridades y la poblaci\u00f3n ante situaciones especiales que puedan ocurrir, sobre todo desde la perspectiva sanitaria. Estoy en conocimiento que los \u00edndices se ven bastante positivos en este tema, pero continuaremos trabajando para hacer cumplir todas las indicaciones preventivas y tambi\u00e9n de seguridad\u201d<\/strong>, sostuvo Van de Maele.<\/p>\n","protected":false},"excerpt":{"rendered":"<p>&#8211;\u00a0\u00a0\u00a0\u00a0\u00a0\u00a0 Intendente (s) Gonzalo Chac\u00f3n valor\u00f3 el apoyo del alto mando militar en medio de esta crisis sanitaria. \u201cAgradecemos su compromiso, especialmente en los momentos de la cuarentena en La Serena, Coquimbo y Ovalle\u201d, se\u00f1al\u00f3.<\/p>\n","protected":false},"author":2,"featured_media":3847,"comment_status":"open","ping_status":"open","sticky":false,"template":"","format":"standard","meta":{"footnotes":""},"categories":[6],"tags":[],"class_list":["post-3846","post","type-post","status-publish","format-standard","has-post-thumbnail","hentry","category-regionales"],"_links":{"self":[{"href":"https:\/\/www.radiolimari.cl\/index.php?rest_route=\/wp\/v2\/posts\/3846","targetHints":{"allow":["GET"]}}],"collection":[{"href":"https:\/\/www.radiolimari.cl\/index.php?rest_route=\/wp\/v2\/posts"}],"about":[{"href":"https:\/\/www.radiolimari.cl\/index.php?rest_route=\/wp\/v2\/types\/post"}],"author":[{"embeddable":true,"href":"https:\/\/www.radiolimari.cl\/index.php?rest_route=\/wp\/v2\/users\/2"}],"replies":[{"embeddable":true,"href":"https:\/\/www.radiolimari.cl\/index.php?rest_route=%2Fwp%2Fv2%2Fcomments&post=3846"}],"version-history":[{"count":1,"href":"https:\/\/www.radiolimari.cl\/index.php?rest_route=\/wp\/v2\/posts\/3846\/revisions"}],"predecessor-version":[{"id":3848,"href":"https:\/\/www.radiolimari.cl\/index.php?rest_route=\/wp\/v2\/posts\/3846\/revisions\/3848"}],"wp:featuredmedia":[{"embeddable":true,"href":"https:\/\/www.radiolimari.cl\/index.php?rest_route=\/wp\/v2\/media\/3847"}],"wp:attachment":[{"href":"https:\/\/www.radiolimari.cl\/index.php?rest_route=%2Fwp%2Fv2%2Fmedia&parent=3846"}],"wp:term":[{"taxonomy":"category","embeddable":true,"href":"https:\/\/www.radiolimari.cl\/index.php?rest_route=%2Fwp%2Fv2%2Fcategories&post=3846"},{"taxonomy":"post_tag","embeddable":true,"href":"https:\/\/www.radiolimari.cl\/index.php?rest_route=%2Fwp%2Fv2%2Ftags&post=3846"}],"curies":[{"name":"wp","href":"https:\/\/api.w.org\/{rel}","templated":true}]}}