{"id":3842,"date":"2020-10-01T20:28:16","date_gmt":"2020-10-01T20:28:16","guid":{"rendered":"http:\/\/www.radiolimari.cl\/?p=3842"},"modified":"2020-10-01T20:28:16","modified_gmt":"2020-10-01T20:28:17","slug":"capital-limarina-sale-de-cuarentena-total-a-partir-del-3-de-octubre-igualmente-se-mantiene-cuarentena-para-ovalle-durante-los-sabados-domingos-y-festivos","status":"publish","type":"post","link":"https:\/\/www.radiolimari.cl\/?p=3842","title":{"rendered":"Capital limarina sale de cuarentena total a partir del 3 de octubre. Igualmente se mantiene cuarentena para Ovalle durante los s\u00e1bados, domingos y festivos."},"content":{"rendered":"<p><a href=\"https:\/\/www.radiolimari.cl\/wp-content\/uploads\/2020\/10\/1.10-TOMA-A\u00c9REA-DE-CENTRO-DE-OVALLE-1.jpg\"><img fetchpriority=\"high\" decoding=\"async\" class=\"alignnone size-medium wp-image-3844\" src=\"https:\/\/www.radiolimari.cl\/wp-content\/uploads\/2020\/10\/1.10-TOMA-A\u00c9REA-DE-CENTRO-DE-OVALLE-1-300x168.jpg\" alt=\"1.10 TOMA A\u00c9REA DE CENTRO DE OVALLE (1)\" width=\"300\" height=\"168\" srcset=\"https:\/\/www.radiolimari.cl\/wp-content\/uploads\/2020\/10\/1.10-TOMA-A\u00c9REA-DE-CENTRO-DE-OVALLE-1-300x168.jpg 300w, https:\/\/www.radiolimari.cl\/wp-content\/uploads\/2020\/10\/1.10-TOMA-A\u00c9REA-DE-CENTRO-DE-OVALLE-1-1024x576.jpg 1024w, https:\/\/www.radiolimari.cl\/wp-content\/uploads\/2020\/10\/1.10-TOMA-A\u00c9REA-DE-CENTRO-DE-OVALLE-1.jpg 1280w\" sizes=\"(max-width: 300px) 100vw, 300px\" \/><\/a><\/p>\n<p><span style=\"color: #222222;\">El Ministerio de Salud ha anunciado que la capital de la provincia de Limar\u00ed,\u00a0<\/span><b style=\"color: #222222;\">Ovalle, ha salido de la cuarentena obligatoria<\/b><span style=\"color: #222222;\">\u00a0que reg\u00eda desde el 21 de agosto, que manten\u00eda a la comuna en la fase 1 del Plan \u201cPaso a Paso\u201d\u00a0<\/span><!--more--><\/p>\n<p style=\"font-weight: 400;\">De este modo la ciudad de cerca de 120 mil habitantes pasa ahora\u00a0 a la fase 2 de \u201cTransici\u00f3n\u201d\u00a0<strong>a partir de las 5:00 hrs del s\u00e1bado 3 de octubre.<\/strong><\/p>\n<p style=\"font-weight: 400;\">Cabe destacar que\u00a0<strong>la Fase 2 \u201cTransici\u00f3n\u201d que ha sido anunciada para Ovalle, implica circulaci\u00f3n de personas sin necesidad de permiso de lunes a viernes y cuarentena total los d\u00edas s\u00e1bados, domingos y festivos<\/strong>, por lo que igualmente la comunidad tendr\u00e1 cuarentena este fin de semana y no se permitir\u00e1n los desplazamientos salvo con permiso otorgado a trav\u00e9s de la comisar\u00eda virtual.<\/p>\n<p style=\"font-weight: 400;\">\u201cNo podemos bajar los brazos. As\u00ed como hemos avanzado en el plan paso a paso por el comportamiento de las personas, podemos volver a retroceder. Esta nueva medida, que contempla mucho menos restricciones de desplazamiento deja en manos de todos como ciudadanos poder mantenerla e incluso seguir mejorando. Por eso m\u00e1s que nunca necesitamos del compromiso de cada uno de los habitantes de la comuna de Ovalle y la provincia de Limar\u00ed\u201d, se\u00f1al\u00f3 el Gobernador de Limar\u00ed, Iv\u00e1n Espinoza.<\/p>\n<p style=\"font-weight: 400;\">Respecto a las fiscalizaciones, entendido como controles a personas, organizaciones, bloqueos de camino y otros, la m\u00e1xima autoridad provincial indic\u00f3 \u201c que se continuar\u00e1 conforme y en base a los requerimientos de la nueva fase de transici\u00f3n, adoptando las medidas o modificaciones que correspondan\u201d.<\/p>\n<p style=\"font-weight: 400;\">En\u00a0<strong>\u00a0Fase 2<\/strong>,\u00a0<strong>no hay restricciones de movilidad durante los d\u00edas h\u00e1biles<\/strong>, salvo para trasladarse a ciudades en\u00a0\u00a0cuarentena, pero durante fines de semana y festivos regir\u00e1\u00a0cuarentena, por lo que deber\u00e1n solicitar un permiso especial para salir de sus viviendas, el cual se puede solicitar\u00a0<strong>solamente una vez por semana<\/strong>. Este permiso que solamente puede pedirse en caso de situaciones esenciales en\u00a0<strong>Comisar\u00eda Virtual<\/strong><strong>\u00a0<\/strong>\u00a0y portarlos al momento de salir de sus viviendas, junto a su carn\u00e9\u00a0de identidad.<\/p>\n<p style=\"font-weight: 400;\"><strong>MEDIDAS DEL PLAN PASO A PASO EN FASE 2 \u201cTRANSICI\u00d3N\u201d<\/strong><\/p>\n<p style=\"font-weight: 400;\"><strong>\u00bfQU\u00c9 EST\u00c1\u00a0PROHIBIDO\u00a0EN MI COMUNA?<\/strong><\/p>\n<p style=\"font-weight: 400;\">\u2718El funcionamiento de Clubes y Centros de d\u00eda de Adulto Mayores.<\/p>\n<p style=\"font-weight: 400;\">\u2718El funcionamiento de cines, teatros, pubs, discotecas y lugares an\u00e1logos.<\/p>\n<p style=\"font-weight: 400;\">\u2718La atenci\u00f3n de p\u00fablico en restaurantes y caf\u00e9s.<\/p>\n<p style=\"font-weight: 400;\">\u2718El funcionamiento de gimnasios abiertos al p\u00fablico.<\/p>\n<p style=\"font-weight: 400;\">\u2718La realizaci\u00f3n de actividad deportiva que requiera salir de la casa durante los d\u00edas s\u00e1bados, domingos y festivos.<\/p>\n<p style=\"font-weight: 400;\">\u2718La realizaci\u00f3n y participaci\u00f3n de eventos y reuniones sociales y recreativas durante el horario de toque de queda, y adem\u00e1s durante todo el d\u00eda los s\u00e1bados, domingos y festivos.<\/p>\n<p style=\"font-weight: 400;\">\u2718El traslado a residencia no habitual.<\/p>\n<p style=\"font-weight: 400;\">\u2718La entrada y salida a Centros ELEAM, y de Centros SENAME sin autorizaci\u00f3n.<\/p>\n<p style=\"font-weight: 400;\">\u2718El libre tr\u00e1nsito por fronteras terrestres y \u00e1reas.<\/p>\n<p style=\"font-weight: 400;\">\u2718Las clases presenciales de establecimientos educacionales.<\/p>\n<p style=\"font-weight: 400;\"><strong>\u00bfQU\u00c9 PUEDO HACER?<\/strong><\/p>\n<p style=\"font-weight: 400;\">\u2714Puedes\u00a0salir de lunes a viernes, pero no puedes ir a un lugar en cuarentena.<\/p>\n<p style=\"font-weight: 400;\">\u2714Debes\u00a0quedarte en casa los fines de semana y los feriados, d\u00edas en que solo podr\u00e1s salir a hacer compras o tr\u00e1mites puntuales y esenciales con un permiso individual que puedes obtener en\u00a0<a href=\"http:\/\/comisariavirtual.cl\/\" data-saferedirecturl=\"https:\/\/www.google.com\/url?q=http:\/\/comisariavirtual.cl&amp;source=gmail&amp;ust=1601669655407000&amp;usg=AFQjCNHSsGv4pIU0cSdXoVRgqH69sw6z6A\">comisariavirtual.cl<\/a>\u00a0(un permiso a la semana).<\/p>\n<p style=\"font-weight: 400;\">\u2714Debes\u00a0respetar el toque de queda, que implica que no puedes salir entre las 23:00 y las 05:00 horas salvo que tengas un salvoconducto por emergencia m\u00e9dica o el fallecimiento de un familiar directo.<\/p>\n<p style=\"font-weight: 400;\">\u2714Puedes ir a trabajar si es que trabajas en un lugar que no est\u00e9 en cuarentena, a no ser que sea servicio esencial, y tengas un permiso de desplazamiento colectivo o un permiso \u00fanico colectivo.<\/p>\n<p style=\"font-weight: 400;\">\u2714Participar en\u00a0reuniones sociales y recreativas\u00a0de m\u00e1ximo 20 personas en lugares abiertos y 10 en lugares cerrados (adicionales a las de la residencia).<\/p>\n<p style=\"font-weight: 400;\">\u2714Las\u00a0actividades deportivas\u00a0est\u00e1n permitidas s\u00f3lo de lunes a viernes, y s\u00f3lo en lugares abiertos p\u00fablicos o privados. Los deportes colectivos pueden realizarse con m\u00e1ximo 10 personas. Sin p\u00fablico.<\/p>\n<p style=\"font-weight: 400;\">\u2714Residentes de Centros SENAME\u00a0pueden salir hasta 3 veces\/semana, con autorizaci\u00f3n y supervisi\u00f3n. Tambi\u00e9n se permiten visitas de v\u00ednculos significativos.<\/p>\n<p style=\"font-weight: 400;\">\u2714Cada vez que salgas, con la autorizaci\u00f3n correspondiente, debes usar\u00a0mascarilla, mantener la\u00a0distancia f\u00edsica\u00a0y recordar medidas como\u00a0lavado de manos\u00a0o uso de alcohol gel.<\/p>\n<p style=\"font-weight: 400;\"><strong>\u00bfQU\u00c9 PUEDE FUNCIONAR EN MI COMUNA?<\/strong><\/p>\n<p style=\"font-weight: 400;\">\u2714Farmacias, supermercados y otros lugares de abastecimiento de alimentos y productos b\u00e1sicos, centros de salud y establecimientos de servicio p\u00fablico.<\/p>\n<p style=\"font-weight: 400;\">\u2714Comercio y otras actividades no esenciales que puedan funcionar con trabajadores que vivan en una comuna en Transici\u00f3n o sin cuarentena.<\/p>\n<p style=\"font-weight: 400;\">\u2714Se pueden realizar cirug\u00edas electivas no cr\u00edticas a no ser que la autoridad indique lo contrario.<\/p>\n<p style=\"font-weight: 400;\">\u2714Todo lo que funcione, debe ser siguiendo los protocolos establecidos.<\/p>\n","protected":false},"excerpt":{"rendered":"<p>El Ministerio de Salud ha anunciado que la capital de la provincia de Limar\u00ed,\u00a0Ovalle, ha salido de la cuarentena obligatoria\u00a0que reg\u00eda desde el 21 de agosto, que manten\u00eda a la comuna en la fase 1 del Plan \u201cPaso a Paso\u201d\u00a0<\/p>\n","protected":false},"author":2,"featured_media":3844,"comment_status":"open","ping_status":"open","sticky":false,"template":"","format":"standard","meta":{"footnotes":""},"categories":[5],"tags":[],"class_list":["post-3842","post","type-post","status-publish","format-standard","has-post-thumbnail","hentry","category-actualidad-limarina"],"_links":{"self":[{"href":"https:\/\/www.radiolimari.cl\/index.php?rest_route=\/wp\/v2\/posts\/3842","targetHints":{"allow":["GET"]}}],"collection":[{"href":"https:\/\/www.radiolimari.cl\/index.php?rest_route=\/wp\/v2\/posts"}],"about":[{"href":"https:\/\/www.radiolimari.cl\/index.php?rest_route=\/wp\/v2\/types\/post"}],"author":[{"embeddable":true,"href":"https:\/\/www.radiolimari.cl\/index.php?rest_route=\/wp\/v2\/users\/2"}],"replies":[{"embeddable":true,"href":"https:\/\/www.radiolimari.cl\/index.php?rest_route=%2Fwp%2Fv2%2Fcomments&post=3842"}],"version-history":[{"count":1,"href":"https:\/\/www.radiolimari.cl\/index.php?rest_route=\/wp\/v2\/posts\/3842\/revisions"}],"predecessor-version":[{"id":3845,"href":"https:\/\/www.radiolimari.cl\/index.php?rest_route=\/wp\/v2\/posts\/3842\/revisions\/3845"}],"wp:featuredmedia":[{"embeddable":true,"href":"https:\/\/www.radiolimari.cl\/index.php?rest_route=\/wp\/v2\/media\/3844"}],"wp:attachment":[{"href":"https:\/\/www.radiolimari.cl\/index.php?rest_route=%2Fwp%2Fv2%2Fmedia&parent=3842"}],"wp:term":[{"taxonomy":"category","embeddable":true,"href":"https:\/\/www.radiolimari.cl\/index.php?rest_route=%2Fwp%2Fv2%2Fcategories&post=3842"},{"taxonomy":"post_tag","embeddable":true,"href":"https:\/\/www.radiolimari.cl\/index.php?rest_route=%2Fwp%2Fv2%2Ftags&post=3842"}],"curies":[{"name":"wp","href":"https:\/\/api.w.org\/{rel}","templated":true}]}}